{"id":5553,"date":"2019-01-27T19:03:52","date_gmt":"2019-01-27T18:03:52","guid":{"rendered":"https:\/\/www.pfarregersthof.at\/komm\/?p=5553"},"modified":"2019-04-14T14:39:21","modified_gmt":"2019-04-14T13:39:21","slug":"christliche-politiker-folgen-ihrem-gewissen-nicht-einem-bischof","status":"publish","type":"post","link":"https:\/\/www.pfarregersthof.at\/komm\/2019\/01\/christliche-politiker-folgen-ihrem-gewissen-nicht-einem-bischof\/","title":{"rendered":"Christliche Politiker folgen ihrem Gewissen, nicht einem Bischof"},"content":{"rendered":"<p>Das Profil christlicher Politiker habe sich in den letzten 100 Jahren deutlich ge\u00e4ndert. W\u00e4hrend in der Zwischenkriegszeit (1918 &#8211; 1938) die christlichsozialen Politiker unter direktem Einfluss der katholischen Kirche in \u00d6sterreich standen, folge heute ein christlicher Politiker in erster Linie seinem gebildeten Gewissen. Dies stellte Dr. Andreas Khol, lange Jahre leitender Politiker der \u00d6VP und fr\u00fcherer Nationalratspr\u00e4sident, am 24.1.2019 bei einem Vortrag in der Pfarre Gersthof zum Thema &#8222;Christen in der Politik, ihre Aufgaben heute&#8220; fest.<\/p>\n<p><a href=\"https:\/\/www.pfarregersthof.at\/komm\/wp-content\/uploads\/2019\/01\/mwsat-20190124-IMG_1235.jpg\"><img loading=\"lazy\" decoding=\"async\" class=\"alignright wp-image-5554 size-medium\" src=\"https:\/\/www.pfarregersthof.at\/komm\/wp-content\/uploads\/2019\/01\/mwsat-20190124-IMG_1235-300x247.jpg\" alt=\"\" width=\"300\" height=\"247\" srcset=\"https:\/\/www.pfarregersthof.at\/komm\/wp-content\/uploads\/2019\/01\/mwsat-20190124-IMG_1235-300x247.jpg 300w, https:\/\/www.pfarregersthof.at\/komm\/wp-content\/uploads\/2019\/01\/mwsat-20190124-IMG_1235-150x123.jpg 150w, https:\/\/www.pfarregersthof.at\/komm\/wp-content\/uploads\/2019\/01\/mwsat-20190124-IMG_1235-768x631.jpg 768w, https:\/\/www.pfarregersthof.at\/komm\/wp-content\/uploads\/2019\/01\/mwsat-20190124-IMG_1235-800x658.jpg 800w, https:\/\/www.pfarregersthof.at\/komm\/wp-content\/uploads\/2019\/01\/mwsat-20190124-IMG_1235.jpg 1000w\" sizes=\"auto, (max-width: 300px) 100vw, 300px\" \/><\/a><\/p>\n<p>Zur Kritik, dass die \u00d6VP keine christlichsoziale Partei sei, erinnerte Khol daran, dass diese Partei so nach dem Zweiten Weltkrieg gegr\u00fcndet worden sei: offen f\u00fcr Christen und ihre Anliegen und Vorstellungen, aber nicht laut Parteiprogramm einer christlichen Kirche verpflichtet. Das habe aber einen konkreten Einfluss, rund 60% der regelm\u00e4\u00dfigen Mitfeiernden von Sonntagsgottesdiensten sind \u00d6VP-W\u00e4hler und rund ein Drittel der \u00d6VP-Abgeordneten sind solche Mitfeiernde. Ein weiteres Drittel sind sogenannte Kulturchristen, also Personen die eine christlich gepr\u00e4gte Kultur priorisieren, ohne selbst in einer Kirche aktiv zu sein und ein weiteres Drittel sind Politiker mit einer anderen pers\u00f6nlichen Orientierung.<\/p>\n<p>Der Nationalratspr\u00e4sident von 2002 bis 2006 und engagierte Katholik Khol erkl\u00e4rte auch, dass es heute auch christlichen Politikern zustehe, Kritik an kirchlichen Papieren zu \u00fcben. So betrachte er etwa die kritischen Gedanken von Papst Franziskus zum Thema Armut in seiner Enzyklika &#8222;Laudato Si&#8220; (2015) als \u00fcbertrieben. Denn die weltweiten Statistiken zeigen, dass die Ziele der Vereinten Nationen zur Bek\u00e4mpfung der Armut deutlich fr\u00fcher erreicht wurden, als vorgegeben, der Anteil an Menschen in Armut sei weltweit gesunken.<\/p>\n<p><a href=\"https:\/\/www.pfarregersthof.at\/komm\/wp-content\/uploads\/2019\/01\/mwsat-20190124-IMG_1219.jpg\"><img loading=\"lazy\" decoding=\"async\" class=\"alignleft size-medium wp-image-5555\" src=\"https:\/\/www.pfarregersthof.at\/komm\/wp-content\/uploads\/2019\/01\/mwsat-20190124-IMG_1219-300x200.jpg\" alt=\"\" width=\"300\" height=\"200\" srcset=\"https:\/\/www.pfarregersthof.at\/komm\/wp-content\/uploads\/2019\/01\/mwsat-20190124-IMG_1219-300x200.jpg 300w, https:\/\/www.pfarregersthof.at\/komm\/wp-content\/uploads\/2019\/01\/mwsat-20190124-IMG_1219-150x100.jpg 150w, https:\/\/www.pfarregersthof.at\/komm\/wp-content\/uploads\/2019\/01\/mwsat-20190124-IMG_1219-768x512.jpg 768w, https:\/\/www.pfarregersthof.at\/komm\/wp-content\/uploads\/2019\/01\/mwsat-20190124-IMG_1219-800x534.jpg 800w, https:\/\/www.pfarregersthof.at\/komm\/wp-content\/uploads\/2019\/01\/mwsat-20190124-IMG_1219.jpg 1000w\" sizes=\"auto, (max-width: 300px) 100vw, 300px\" \/><\/a>Die an den Vortrag von Dr. Khol anschlie\u00dfende Diskussion drehte sich vor allem um das Thema Migration und Sozialleistungen. Khol erkl\u00e4rte, dass etwa die Kritik an der Reduktion der Mindestsicherung in der Regel andere unver\u00e4nderte Sozialleistungen \u00fcbersehe. Und bei den Sozialleistungen insgesamt m\u00fcsse beachtet werden, dass diese auch aus den Steuerleistungen in \u00d6sterreich gedeckt werden m\u00fcssen.<\/p>\n<p>Zum Thema Migration wurden von Gersthofern kritisiert, dass in der Politik der aktuellen Regierung bei Personen die nach \u00d6sterreich kommen deren menschliche Not kaum Beachtung finde und nur formale Kriterien eine Rolle spielten. Dazu erwiderte Khol &#8222;wir wollen nur legale Einwanderer&#8220;. Von Leuten die aus wirtschaftlichem Interessen einwandern wollen m\u00fcsse man aber jene unterscheiden, die aufgrund von Verfolgung nach \u00d6sterreich kommen und hier den Status von Asylanten erwerben k\u00f6nnen. F\u00fcr beide Gruppen gelte, dass ihre Akzeptanz beziehungsweise Anerkennung nach den rechtlichen Vorgaben in \u00d6sterreich erfolgen solle. Wenn gegen ins Land gekommene Personen vorgegangen werde, dann seien dies vor allem Menschen, die den rechtlichen Vorgaben nicht entsprechen oder gegen sie versto\u00dfen haben. Khol r\u00e4umte aber auch ein, dass es in der klaren Unterscheidung, wer den Vorgaben entspreche und wer nicht, eine Grauzone g\u00e4be und aus dieser auch berechtige Kritik am Verhalten der Beh\u00f6rden hervorginge.<\/p>\n<p>&nbsp;<\/p>\n<h6>Fotos: Michael Steidl<\/h6>\n","protected":false},"excerpt":{"rendered":"<p>Das Profil christlicher Politiker habe sich in den letzten 100 Jahren deutlich ge\u00e4ndert. W\u00e4hrend in der Zwischenkriegszeit (1918 &#8211; 1938) die christlichsozialen Politiker unter direktem Einfluss der katholischen Kirche in \u00d6sterreich standen, folge heute ein christlicher Politiker in erster Linie seinem gebildeten Gewissen. Dies stellte Dr. Andreas Khol, lange Jahre leitender Politiker der \u00d6VP und [&hellip;]<\/p>\n","protected":false},"author":2,"featured_media":5556,"comment_status":"open","ping_status":"open","sticky":false,"template":"","format":"standard","meta":{"ngg_post_thumbnail":0,"footnotes":""},"categories":[7],"tags":[],"class_list":{"0":"post-5553","1":"post","2":"type-post","3":"status-publish","4":"format-standard","5":"has-post-thumbnail","7":"category-archiv"},"publishpress_future_action":{"enabled":false,"date":"2026-05-07 10:22:26","action":"category","newStatus":"draft","terms":[],"taxonomy":"category","extraData":[]},"publishpress_future_workflow_manual_trigger":{"enabledWorkflows":[]},"_links":{"self":[{"href":"https:\/\/www.pfarregersthof.at\/komm\/wp-json\/wp\/v2\/posts\/5553","targetHints":{"allow":["GET"]}}],"collection":[{"href":"https:\/\/www.pfarregersthof.at\/komm\/wp-json\/wp\/v2\/posts"}],"about":[{"href":"https:\/\/www.pfarregersthof.at\/komm\/wp-json\/wp\/v2\/types\/post"}],"author":[{"embeddable":true,"href":"https:\/\/www.pfarregersthof.at\/komm\/wp-json\/wp\/v2\/users\/2"}],"replies":[{"embeddable":true,"href":"https:\/\/www.pfarregersthof.at\/komm\/wp-json\/wp\/v2\/comments?post=5553"}],"version-history":[{"count":7,"href":"https:\/\/www.pfarregersthof.at\/komm\/wp-json\/wp\/v2\/posts\/5553\/revisions"}],"predecessor-version":[{"id":5565,"href":"https:\/\/www.pfarregersthof.at\/komm\/wp-json\/wp\/v2\/posts\/5553\/revisions\/5565"}],"wp:featuredmedia":[{"embeddable":true,"href":"https:\/\/www.pfarregersthof.at\/komm\/wp-json\/wp\/v2\/media\/5556"}],"wp:attachment":[{"href":"https:\/\/www.pfarregersthof.at\/komm\/wp-json\/wp\/v2\/media?parent=5553"}],"wp:term":[{"taxonomy":"category","embeddable":true,"href":"https:\/\/www.pfarregersthof.at\/komm\/wp-json\/wp\/v2\/categories?post=5553"},{"taxonomy":"post_tag","embeddable":true,"href":"https:\/\/www.pfarregersthof.at\/komm\/wp-json\/wp\/v2\/tags?post=5553"}],"curies":[{"name":"wp","href":"https:\/\/api.w.org\/{rel}","templated":true}]}}