{"id":5578,"date":"2019-02-18T12:10:17","date_gmt":"2019-02-18T11:10:17","guid":{"rendered":"https:\/\/www.pfarregersthof.at\/komm\/?p=5578"},"modified":"2019-03-17T13:01:09","modified_gmt":"2019-03-17T12:01:09","slug":"grosseltern-enkelkind-segen-17-3","status":"publish","type":"post","link":"https:\/\/www.pfarregersthof.at\/komm\/2019\/02\/grosseltern-enkelkind-segen-17-3\/","title":{"rendered":"Gro\u00dfeltern-Enkelkind Segen (17.3.)"},"content":{"rendered":"<p>Auch heuer laden wir wieder Enkelkinder mit ihren Gro\u00dfeltern zum Gemeindegottesdienst am <strong>Sonntag, 17. M\u00e4rz, um 10.00 Uhr in der Pfarrkirche<\/strong> herzlich ein: Wir d\u00fcrfen nicht \u00fcbersehen, dass wir Gottes Sch\u00f6pfung enkelkindertauglich gestalten m\u00fcssen. Daf\u00fcr braucht es zum Segen Gottes auch geeignete Einstellung und \u00fcberlegtes Verhalten.<\/p>\n<p><span style=\"color: #3366ff;\"><em>Pfr. Norbert, Gerda Winner<\/em><\/span><\/p>\n","protected":false},"excerpt":{"rendered":"<p>Auch heuer laden wir wieder Enkelkinder mit ihren Gro\u00dfeltern zum Gemeindegottesdienst am Sonntag, 17. M\u00e4rz, um 10.00 Uhr in der Pfarrkirche herzlich ein: Wir d\u00fcrfen nicht \u00fcbersehen, dass wir Gottes Sch\u00f6pfung enkelkindertauglich gestalten m\u00fcssen. Daf\u00fcr braucht es zum Segen Gottes auch geeignete Einstellung und \u00fcberlegtes Verhalten. Pfr. Norbert, Gerda Winner<\/p>\n","protected":false},"author":2,"featured_media":0,"comment_status":"open","ping_status":"open","sticky":false,"template":"","format":"standard","meta":{"ngg_post_thumbnail":0,"footnotes":""},"categories":[7],"tags":[],"class_list":{"0":"post-5578","1":"post","2":"type-post","3":"status-publish","4":"format-standard","6":"category-archiv"},"publishpress_future_action":{"enabled":false,"date":"2026-05-07 17:17:01","action":"category","newStatus":"draft","terms":[],"taxonomy":"category","extraData":[]},"publishpress_future_workflow_manual_trigger":{"enabledWorkflows":[]},"_links":{"self":[{"href":"https:\/\/www.pfarregersthof.at\/komm\/wp-json\/wp\/v2\/posts\/5578","targetHints":{"allow":["GET"]}}],"collection":[{"href":"https:\/\/www.pfarregersthof.at\/komm\/wp-json\/wp\/v2\/posts"}],"about":[{"href":"https:\/\/www.pfarregersthof.at\/komm\/wp-json\/wp\/v2\/types\/post"}],"author":[{"embeddable":true,"href":"https:\/\/www.pfarregersthof.at\/komm\/wp-json\/wp\/v2\/users\/2"}],"replies":[{"embeddable":true,"href":"https:\/\/www.pfarregersthof.at\/komm\/wp-json\/wp\/v2\/comments?post=5578"}],"version-history":[{"count":1,"href":"https:\/\/www.pfarregersthof.at\/komm\/wp-json\/wp\/v2\/posts\/5578\/revisions"}],"predecessor-version":[{"id":5579,"href":"https:\/\/www.pfarregersthof.at\/komm\/wp-json\/wp\/v2\/posts\/5578\/revisions\/5579"}],"wp:attachment":[{"href":"https:\/\/www.pfarregersthof.at\/komm\/wp-json\/wp\/v2\/media?parent=5578"}],"wp:term":[{"taxonomy":"category","embeddable":true,"href":"https:\/\/www.pfarregersthof.at\/komm\/wp-json\/wp\/v2\/categories?post=5578"},{"taxonomy":"post_tag","embeddable":true,"href":"https:\/\/www.pfarregersthof.at\/komm\/wp-json\/wp\/v2\/tags?post=5578"}],"curies":[{"name":"wp","href":"https:\/\/api.w.org\/{rel}","templated":true}]}}