{"id":5580,"date":"2019-02-18T12:13:28","date_gmt":"2019-02-18T11:13:28","guid":{"rendered":"https:\/\/www.pfarregersthof.at\/komm\/?p=5580"},"modified":"2019-03-02T17:20:44","modified_gmt":"2019-03-02T16:20:44","slug":"5580","status":"publish","type":"post","link":"https:\/\/www.pfarregersthof.at\/komm\/2019\/02\/5580\/","title":{"rendered":"Papiertheater (28.2.)"},"content":{"rendered":"<p>Liebe Freunde von 60 plus und nat\u00fcrlich auch J\u00fcngere!<br \/>\nWir freuen uns, Sie\/Euch auch heuer wieder zu Ulrich Chmel`s Papier-Theater einladen zu d\u00fcrfen! Am <strong>Donnerstag, 28.02.2019, um 15:00 Uhr<\/strong> begr\u00fc\u00dfen wir Sie mit einem Gl\u00e4schen Sekt <strong>im Gemeindezentrum (Bastiengasse 18)<\/strong> und um 15:30 Uhr entf\u00fchrt uns Ulrich Chmel mit seinem St\u00fcck \u201eCarmen Rasante\u201c nach Spanien. Danach gibt es eine \u201eBackstagef\u00fchrung\u201c und selbstverst\u00e4ndlich einen kulinarischen Abschluss. Bitte um Anmeldung im <a href=\"\/komm\/pfarre-von-a-z\/information\/kontakt-aufnehmen\/#pfarrsek\">Pfarrsekretariat<\/a> damit wir einen \u00dcberblick haben, wie viele G\u00e4ste wir erwarten d\u00fcrfen. Auf ihr\/euer zahlreiches Kommen und einen vergn\u00fcglichen gemeinsamen Nachmittag freut sich<br \/>\n<span style=\"color: #3366ff;\"><em>Maria Kissich und das Caritasteam<\/em><\/span><\/p>\n<p><a href=\"https:\/\/www.pfarregersthof.at\/komm\/wp-content\/uploads\/2019\/02\/Papiertheater_PfGer_2019.jpg\"><img loading=\"lazy\" decoding=\"async\" class=\"alignnone size-large wp-image-5581\" src=\"https:\/\/www.pfarregersthof.at\/komm\/wp-content\/uploads\/2019\/02\/Papiertheater_PfGer_2019-566x800.jpg\" alt=\"\" width=\"566\" height=\"800\" srcset=\"https:\/\/www.pfarregersthof.at\/komm\/wp-content\/uploads\/2019\/02\/Papiertheater_PfGer_2019-566x800.jpg 566w, https:\/\/www.pfarregersthof.at\/komm\/wp-content\/uploads\/2019\/02\/Papiertheater_PfGer_2019-106x150.jpg 106w, https:\/\/www.pfarregersthof.at\/komm\/wp-content\/uploads\/2019\/02\/Papiertheater_PfGer_2019-212x300.jpg 212w, https:\/\/www.pfarregersthof.at\/komm\/wp-content\/uploads\/2019\/02\/Papiertheater_PfGer_2019-768x1086.jpg 768w, https:\/\/www.pfarregersthof.at\/komm\/wp-content\/uploads\/2019\/02\/Papiertheater_PfGer_2019-1024x1448.jpg 1024w, https:\/\/www.pfarregersthof.at\/komm\/wp-content\/uploads\/2019\/02\/Papiertheater_PfGer_2019.jpg 1754w\" sizes=\"auto, (max-width: 566px) 100vw, 566px\" \/><\/a><\/p>\n","protected":false},"excerpt":{"rendered":"<p>Liebe Freunde von 60 plus und nat\u00fcrlich auch J\u00fcngere! Wir freuen uns, Sie\/Euch auch heuer wieder zu Ulrich Chmel`s Papier-Theater einladen zu d\u00fcrfen! Am Donnerstag, 28.02.2019, um 15:00 Uhr begr\u00fc\u00dfen wir Sie mit einem Gl\u00e4schen Sekt im Gemeindezentrum (Bastiengasse 18) und um 15:30 Uhr entf\u00fchrt uns Ulrich Chmel mit seinem St\u00fcck \u201eCarmen Rasante\u201c nach Spanien. [&hellip;]<\/p>\n","protected":false},"author":2,"featured_media":5583,"comment_status":"open","ping_status":"open","sticky":false,"template":"","format":"standard","meta":{"ngg_post_thumbnail":0,"footnotes":""},"categories":[7],"tags":[],"class_list":{"0":"post-5580","1":"post","2":"type-post","3":"status-publish","4":"format-standard","5":"has-post-thumbnail","7":"category-archiv"},"publishpress_future_action":{"enabled":false,"date":"2026-05-07 18:32:07","action":"category","newStatus":"draft","terms":[],"taxonomy":"category","extraData":[]},"publishpress_future_workflow_manual_trigger":{"enabledWorkflows":[]},"_links":{"self":[{"href":"https:\/\/www.pfarregersthof.at\/komm\/wp-json\/wp\/v2\/posts\/5580","targetHints":{"allow":["GET"]}}],"collection":[{"href":"https:\/\/www.pfarregersthof.at\/komm\/wp-json\/wp\/v2\/posts"}],"about":[{"href":"https:\/\/www.pfarregersthof.at\/komm\/wp-json\/wp\/v2\/types\/post"}],"author":[{"embeddable":true,"href":"https:\/\/www.pfarregersthof.at\/komm\/wp-json\/wp\/v2\/users\/2"}],"replies":[{"embeddable":true,"href":"https:\/\/www.pfarregersthof.at\/komm\/wp-json\/wp\/v2\/comments?post=5580"}],"version-history":[{"count":2,"href":"https:\/\/www.pfarregersthof.at\/komm\/wp-json\/wp\/v2\/posts\/5580\/revisions"}],"predecessor-version":[{"id":5595,"href":"https:\/\/www.pfarregersthof.at\/komm\/wp-json\/wp\/v2\/posts\/5580\/revisions\/5595"}],"wp:featuredmedia":[{"embeddable":true,"href":"https:\/\/www.pfarregersthof.at\/komm\/wp-json\/wp\/v2\/media\/5583"}],"wp:attachment":[{"href":"https:\/\/www.pfarregersthof.at\/komm\/wp-json\/wp\/v2\/media?parent=5580"}],"wp:term":[{"taxonomy":"category","embeddable":true,"href":"https:\/\/www.pfarregersthof.at\/komm\/wp-json\/wp\/v2\/categories?post=5580"},{"taxonomy":"post_tag","embeddable":true,"href":"https:\/\/www.pfarregersthof.at\/komm\/wp-json\/wp\/v2\/tags?post=5580"}],"curies":[{"name":"wp","href":"https:\/\/api.w.org\/{rel}","templated":true}]}}