{"id":5586,"date":"2019-02-18T12:21:43","date_gmt":"2019-02-18T11:21:43","guid":{"rendered":"https:\/\/www.pfarregersthof.at\/komm\/?p=5586"},"modified":"2019-04-14T14:39:54","modified_gmt":"2019-04-14T13:39:54","slug":"kerzenreste-uebrig-wir-sammeln-wieder","status":"publish","type":"post","link":"https:\/\/www.pfarregersthof.at\/komm\/2019\/02\/kerzenreste-uebrig-wir-sammeln-wieder\/","title":{"rendered":"Kerzenreste \u00fcbrig? Wir sammeln wieder!"},"content":{"rendered":"<p>Unsere K\u00fcnstler brauchen Nachschub f\u00fcr das Gie\u00dfen neuer Kerzen &#8211; und Sie sind vielleicht froh, wenn sie die zahlreiche Kerzenreste der Weihnachtszeit sinnvoll und nachhaltig verwendet wissen: bitte bringen Sie Wachsreste aller Art ins <a href=\"\/komm\/pfarre-von-a-z\/information\/kontakt-aufnehmen\/#pfarrsek\">Pfarrsekretariat<\/a>!<\/p>\n<p>Herzlichen DANK.<\/p>\n","protected":false},"excerpt":{"rendered":"<p>Unsere K\u00fcnstler brauchen Nachschub f\u00fcr das Gie\u00dfen neuer Kerzen &#8211; und Sie sind vielleicht froh, wenn sie die zahlreiche Kerzenreste der Weihnachtszeit sinnvoll und nachhaltig verwendet wissen: bitte bringen Sie Wachsreste aller Art ins Pfarrsekretariat! Herzlichen DANK.<\/p>\n","protected":false},"author":2,"featured_media":0,"comment_status":"open","ping_status":"open","sticky":false,"template":"","format":"standard","meta":{"ngg_post_thumbnail":0,"footnotes":""},"categories":[7],"tags":[],"class_list":{"0":"post-5586","1":"post","2":"type-post","3":"status-publish","4":"format-standard","6":"category-archiv"},"publishpress_future_action":{"enabled":false,"date":"2026-05-07 21:22:55","action":"category","newStatus":"draft","terms":[],"taxonomy":"category","extraData":[]},"publishpress_future_workflow_manual_trigger":{"enabledWorkflows":[]},"_links":{"self":[{"href":"https:\/\/www.pfarregersthof.at\/komm\/wp-json\/wp\/v2\/posts\/5586","targetHints":{"allow":["GET"]}}],"collection":[{"href":"https:\/\/www.pfarregersthof.at\/komm\/wp-json\/wp\/v2\/posts"}],"about":[{"href":"https:\/\/www.pfarregersthof.at\/komm\/wp-json\/wp\/v2\/types\/post"}],"author":[{"embeddable":true,"href":"https:\/\/www.pfarregersthof.at\/komm\/wp-json\/wp\/v2\/users\/2"}],"replies":[{"embeddable":true,"href":"https:\/\/www.pfarregersthof.at\/komm\/wp-json\/wp\/v2\/comments?post=5586"}],"version-history":[{"count":1,"href":"https:\/\/www.pfarregersthof.at\/komm\/wp-json\/wp\/v2\/posts\/5586\/revisions"}],"predecessor-version":[{"id":5587,"href":"https:\/\/www.pfarregersthof.at\/komm\/wp-json\/wp\/v2\/posts\/5586\/revisions\/5587"}],"wp:attachment":[{"href":"https:\/\/www.pfarregersthof.at\/komm\/wp-json\/wp\/v2\/media?parent=5586"}],"wp:term":[{"taxonomy":"category","embeddable":true,"href":"https:\/\/www.pfarregersthof.at\/komm\/wp-json\/wp\/v2\/categories?post=5586"},{"taxonomy":"post_tag","embeddable":true,"href":"https:\/\/www.pfarregersthof.at\/komm\/wp-json\/wp\/v2\/tags?post=5586"}],"curies":[{"name":"wp","href":"https:\/\/api.w.org\/{rel}","templated":true}]}}