{"id":5590,"date":"2019-03-02T17:19:21","date_gmt":"2019-03-02T16:19:21","guid":{"rendered":"https:\/\/www.pfarregersthof.at\/komm\/?p=5590"},"modified":"2019-09-24T13:12:45","modified_gmt":"2019-09-24T12:12:45","slug":"die-zeit-auf-ostern-hin","status":"publish","type":"post","link":"https:\/\/www.pfarregersthof.at\/komm\/2019\/03\/die-zeit-auf-ostern-hin\/","title":{"rendered":"Die Zeit auf Ostern hin &#8230;"},"content":{"rendered":"<p>Fastenzeit \u2013 dieses Wort ist allgemein \u00fcblich.<br \/>\nPassionszeit \u2013 dieses Wort ist eher protestantisch konnotiert.<br \/>\n40-t\u00e4gige Vorbereitung auf Ostern &#8211; diese Aussage sollte alle Gl\u00e4ubigen und Willigen erreichen. N\u00fctzen wir\/n\u00fctzen Sie\/n\u00fctze du diese besonderen, wir sagen auch \u201egepr\u00e4gten Tage\u201c, damit heuer Ostern zum h\u00f6chsten und wichtigsten Fest der Christenheit werden kann.<br \/>\nDas w\u00fcnscht &#8211; Pfarrer Norbert<\/p>\n<h3>Leitgedanke: Gott spricht mich an &#8211; zur Umkehr!<\/h3>\n<p><a href=\"https:\/\/www.pfarregersthof.at\/komm\/wp-content\/uploads\/2019\/03\/symbolbild-umkehr_2019a.jpg\"><img loading=\"lazy\" decoding=\"async\" class=\"alignnone wp-image-5591 size-medium\" src=\"https:\/\/www.pfarregersthof.at\/komm\/wp-content\/uploads\/2019\/03\/symbolbild-umkehr_2019a-300x184.jpg\" alt=\"\" width=\"300\" height=\"184\" srcset=\"https:\/\/www.pfarregersthof.at\/komm\/wp-content\/uploads\/2019\/03\/symbolbild-umkehr_2019a-300x184.jpg 300w, https:\/\/www.pfarregersthof.at\/komm\/wp-content\/uploads\/2019\/03\/symbolbild-umkehr_2019a-150x92.jpg 150w, https:\/\/www.pfarregersthof.at\/komm\/wp-content\/uploads\/2019\/03\/symbolbild-umkehr_2019a.jpg 630w\" sizes=\"auto, (max-width: 300px) 100vw, 300px\" \/><\/a><\/p>\n<p><strong>Sonntags<\/strong> in der 40-Tage-Zeit<br \/>\nEucharistische Gottesdienste jeweils<br \/>\n18.30 am Vorabend (18.10 OK: Vesper),<br \/>\n8.30 am Morgen, 10.00 am Tag,<br \/>\n18.30 am Abend &#8211; alle in der Pfarrkirche und<br \/>\num 11.30 in der Johannes Nepomuk Kapelle.<\/p>\n<p>Die<strong> Parate-Gottesdienste<\/strong> &#8211;<br \/>\njeweils freitags um 6.00 Uhr, sie haben \u201eFasten ist mehr als\u2026..\u201c zum Thema<\/p>\n<p><span style=\"font-size: 8pt;\">Verwendet Abk\u00fcrzungen f\u00fcr Orte:<br \/>\n<\/span><span style=\"font-size: 8pt;\">PfK: Pfarrkirche, Bischof Faber Platz<\/span><br \/>\n<span style=\"font-size: 8pt;\">OK: Osterkapelle, in der PfK<\/span><br \/>\n<span style=\"font-size: 8pt;\">JKp: Jugendkapelle, in der PfK<\/span><br \/>\n<span style=\"font-size: 8pt;\">GZ: Gemeindezentrum, Bastiengasse 18<\/span><br \/>\n<span style=\"font-size: 8pt;\">JuKe: Jugendkeller, im GZ<\/span><br \/>\n<span style=\"font-size: 8pt;\">PfH: Pfarrhaus, Bischof Faber-Platz 7<\/span><br \/>\n<span style=\"font-size: 8pt;\">JNK: Johannes Nepomuk Kapelle, Gersthofers<\/span>tra\u00dfe 129<\/p>\n<p><strong>Aschermittwoch<\/strong>, 6.3.<br \/>\n17.00 PfK: Wort-Gottes-Feier mit Aschenkreuz<br \/>\n18.30 PfK: Gottesdienst mit Aschenkreuz<\/p>\n<p>Freitag, 8.3.<br \/>\n6.00 PfK: Parate-Gottesdienst<\/p>\n<p><strong>Sonntag, 10.3. &#8211; 1. So in der 40-Tage-Zeit<\/strong><br \/>\nAm Vorabend um 19.15 und am Sonntag um 11.15 Uhr findet im GZ die Vorstellung unseres Pastoralkonzeptes statt. BITTE nehmen Sie sich Zeit \u2013 denken und sprechen Sie mit!Heute ist die Di\u00f6zesan-Caritas-Sammlung<strong><br \/>\n<\/strong>Schwerpunkt in der Liturgie: Tauferinnerung!<br \/>\n10.00 PfK: Gottesdienst mit Segnung Leidender, Singen in Gemeinschaft<br \/>\nGZ: Kinderkirche &amp; Junge Kirche<br \/>\n11.00 GZ: Pfarrkaffee<\/p>\n<p>Freitag, 15.3. &#8211; Familienfasttag<br \/>\n6.00 PfK: Parate-Gottesdienst<br \/>\n19.30 PfK\/OK: Taiz\u00e9-Gebet<\/p>\n<p><strong>Sonntag, 17.3. &#8211; 2. So in der 40-Tage-Zeit<\/strong><br \/>\nSammlung zum Familienfasttag<br \/>\n10.00 PfK: Gottesdienst mit \u201eGro\u00dfeltern&#8211; Enkelkind-Segen\u201c, anschlie\u00dfend Pfarrkaffee \u2013 die kfb l\u00e4dt ein!<\/p>\n<p>Donnerstag, 21.3.<br \/>\n19.00 PfK\/OK: \u201eVers\u00f6hnung\u201c &#8211; ein Bu\u00dfgottesdienst der anderen Art! Stille, Besinnung, Gebet, Beichtm\u00f6glichkeit, Segen empfangen, \u2026<\/p>\n<p>Freitag, 22.3.<br \/>\n6.00 PfK: Parate-Gottesdienst<br \/>\n18.00 PfK: Kreuzweg \u2013 Gedenken an <a href=\"\/komm\/pfarre-von-a-z\/information\/kaplan-dr-heinrich-maier\/\">Kaplan Heinrich Maier<\/a><\/p>\n<p>Samstag, 23.3.<br \/>\n8.00 PfK: Trauergottesdienst, anschlie\u00dfend GZ: Einladung zum Fr\u00fchst\u00fcck<\/p>\n<p><strong>Sonntag, 24.3. &#8211; 3. So in der 40-Tage-Zeit<\/strong><br \/>\nIm Vorraum der Kirche EZA-Waren Angebote!<br \/>\n10.00 PfK: Gottesdienst GZ: Kinderkirche,<br \/>\nJKp: Junge Kirche, anschlie\u00dfend vor der Kirche: \u201eR\u00e4dersegnung\u201c und im GZ: Pfarrkaffee<br \/>\n19.00 Start in Gersthof: Dekants-Jugendkreuzweg<\/p>\n<p>Mittwoch, 26.3.<br \/>\n19.00 PfK\/OK: Singen.Beten.H\u00f6ren: Bibelrunde<\/p>\n<p>Freitag, 29.3.<br \/>\n6.00 PfK: Parate-Gottesdienst<br \/>\n18.00 PfK: Kreuzweg<\/p>\n<p><strong>Sonntag, 31.3. &#8211; 4. So in der 40-Tage-Zeit \u201eLaetare\u201c<\/strong><br \/>\nSchwerpunkt in der Liturgie: Tauferinnerung<br \/>\n10.00 PfK: Gottesdienst, musikalische Gestaltung durch die Kantorei,<br \/>\nGZ: Kinderkirche, JKp: Junge Kirche<br \/>\nanschlie\u00dfend &#8211; GZ: Pfarrkaffee<br \/>\n11.30 Vor dem GZ: Abfahrt ins j\u00fcdische Museum Eisenstadt (mit Mittagsessm\u00f6glichkeit)<\/p>\n<p>Mittwoch, 3.4.<br \/>\nAb 15.30 &#8211; 16.30 GZ: Auf Ostern zugehen \u2013 Kinder gestalten zum Osterfest &#8230;<\/p>\n<p>Donnerstag, 4.4.<br \/>\n19.30 GZ: Bildungsabend \u201eDie sogenannten &#8211; Exodus-Geschichten\u201c mit Dr. Josef Schultes<\/p>\n<p>Freitag, 5.4.<br \/>\n6.00 PfK: Parate-Gottesdienst<br \/>\n18.00 PfK: CSI-Kreuzweg<\/p>\n<p><strong>Sonntag, 7.4. &#8211; 5. So in der 40-Tage-Zeit<\/strong><br \/>\nSchwerpunkt in der Liturgie: Elemente der Bu\u00dfe und Umkehr!<br \/>\n10.00 PfK: Gottesdienst f\u00fcr und mit Familien gestaltet!<br \/>\nGZ: <strong>Suppensonntag!<\/strong><\/p>\n<p>Mitwoch, 10.4.<br \/>\n17.00 PfK: Kreuzweg f\u00fcr Kinder<\/p>\n<p>Donnerstag, 11.4.<br \/>\nab 14.00 GZ: Palmbuschenbinden<\/p>\n<p>Freitag, 12.4.<br \/>\n6.00 PfK: Parate-Gottesdienst<br \/>\n18.00 PfK: Singen.beten.schweigen &#8211; unter dem Kreuz als Einstimmung in die KARWOCHE f\u00fcr Kinder-Jugendliche-Erwachsene<\/p>\n<h2>Die Heilige Woche<\/h2>\n<p><strong>Sonntag, 14.4. &#8211; Palmsonntag<\/strong><br \/>\n(Sammelkasten von Spenden f\u00fcr das Hl. Land)<br \/>\n9.30 &#8211; Erndtgasse\/Ferrogasse: Statio \u2013 Palmprozession<br \/>\n10.00 PfK: Gottesdienst mit Allegro Vivace<br \/>\n11.00 GZ: Pfarrkaffee zugunsten Patenkinder von Kaplan Suresh<br \/>\n18.00-19.00 PfK: Anbetung<\/p>\n<p><strong>Donnerstag, 18.4. &#8211; Gr\u00fcndonnerstag<\/strong><br \/>\n17.00 GZ: Wort-Gottes-Feier mit Hand- oder Fu\u00dfwaschung an Kindern<br \/>\n19.00 PfK: Gottesdienst vom Letzten Abendmahl mit Fu\u00dfwaschung (Musikalische Mit-Gestaltung: Kantorei)<br \/>\nanschlie\u00dfend PfK: \u201e\u00d6lbergstunde\u201c, GZ: Agape<\/p>\n<p><strong>Freitag, 19.4. \u2013 Karfreitag<\/strong><br \/>\n8.00 &amp; 12.00 PfK: Gebet<br \/>\n8.30 PfK: Blumenschmuck f\u00fcr Ostern<br \/>\n12.00 GZ: Reisessen (bis 13.00 Uhr)<br \/>\n15.00 PfK\/OK: Liturgie f\u00fcr Kinder<br \/>\n15.00 PfK: Liturgie zum Karfreitag<\/p>\n<p><strong>Samstag, 20.4. &#8211; Karsamstag<\/strong><br \/>\n8.00 &amp; 12.00 PfK: Gebet<\/p>\n<h2>Das Osterfest<\/h2>\n<h3>Leitgedanke: Gott spricht mich an \u2013 zum LEBEN!<\/h3>\n<p><strong>Samstag, 20.4. <\/strong><br \/>\n18.00 PfK: Familienvesper zum Osterfest<br \/>\n21.00 PfK: Lichtfeier &amp; Lesungen aus der Hebr\u00e4ischen Bibel (Altes Testament), mit \u201eSingen in Gemeinschaft\u201c. Bitte bringen Sie zur Feier Wasser mit. Danke!<\/p>\n<p><strong>Sonntag, 21.4. &#8211; Ostersonntag<\/strong><br \/>\n4.15 PfK: Treffpunkt zum Friedhofsgang<br \/>\n4.45 &#8211; Friedhof Gersthof: Mit Gebet und &#8211; Osterlicht &#8211; Gang zu den Gr\u00e4bern<br \/>\n6.00 PfK: Morgenfeier \u2013 musikalische &#8211; Gestaltung \u2013 Familienmusikgruppe,<br \/>\nanschlie\u00dfend Ostereiersuchen<br \/>\nGZ: Fr\u00fchst\u00fcck f\u00fcr alle<br \/>\n9.30 PfK: Festgottesdienst,<br \/>\nanschlie\u00dfend Ostereiersuchen<br \/>\n18.00 PfK: \u00d6kumenische Ostervesper,<br \/>\nanschlie\u00dfend GZ: Agape als Beisammensein<\/p>\n<p><strong>Montag, 2.4. &#8211; Ostermontag<\/strong><br \/>\n9.30 PfK: Gottesdienst<br \/>\n18.30 PfK: Abendliturgie \u2013 f\u00fcr Kinder, Jugendliche, Erwachsene (und alle, die aus den Osterferien heim gekommen sind \u2026)<\/p>\n<p>Freitag, 26.4.<br \/>\n10.00 PfK: Osterfeier f\u00fcr Kindergartenkinder<\/p>\n<p><strong>Sonntag, 28.4. \u2013 Wei\u00dfer Sonntag<\/strong><br \/>\n(Heute ist Pfarrsammlung)<br \/>\n8.30 PfK: Gottesdienst<br \/>\n10.00 PfK: Familien-Gottesdienst mit \u201eSingen in Gemeinschaft\u201c, Einladung an Familien Neugetaufter und an Kommunionfamilien<br \/>\nPredigt: Dr. Paul M. Zulehner<br \/>\nanschlie\u00dfend GZ: Pfarrkaffee \u2013 Einladung des Caritasteams<br \/>\n11.30 JNK: Gottesdienst<br \/>\n18.30 PfK: Gottesdienst<\/p>\n","protected":false},"excerpt":{"rendered":"<p>Fastenzeit \u2013 dieses Wort ist allgemein \u00fcblich. Passionszeit \u2013 dieses Wort ist eher protestantisch konnotiert. 40-t\u00e4gige Vorbereitung auf Ostern &#8211; diese Aussage sollte alle Gl\u00e4ubigen und Willigen erreichen. N\u00fctzen wir\/n\u00fctzen Sie\/n\u00fctze du diese besonderen, wir sagen auch \u201egepr\u00e4gten Tage\u201c, damit heuer Ostern zum h\u00f6chsten und wichtigsten Fest der Christenheit werden kann. Das w\u00fcnscht &#8211; Pfarrer [&hellip;]<\/p>\n","protected":false},"author":2,"featured_media":5591,"comment_status":"open","ping_status":"open","sticky":false,"template":"","format":"standard","meta":{"ngg_post_thumbnail":0,"footnotes":""},"categories":[7],"tags":[],"class_list":{"0":"post-5590","1":"post","2":"type-post","3":"status-publish","4":"format-standard","5":"has-post-thumbnail","7":"category-archiv"},"publishpress_future_action":{"enabled":false,"date":"2026-05-07 22:47:34","action":"category","newStatus":"draft","terms":[],"taxonomy":"category","extraData":[]},"publishpress_future_workflow_manual_trigger":{"enabledWorkflows":[]},"_links":{"self":[{"href":"https:\/\/www.pfarregersthof.at\/komm\/wp-json\/wp\/v2\/posts\/5590","targetHints":{"allow":["GET"]}}],"collection":[{"href":"https:\/\/www.pfarregersthof.at\/komm\/wp-json\/wp\/v2\/posts"}],"about":[{"href":"https:\/\/www.pfarregersthof.at\/komm\/wp-json\/wp\/v2\/types\/post"}],"author":[{"embeddable":true,"href":"https:\/\/www.pfarregersthof.at\/komm\/wp-json\/wp\/v2\/users\/2"}],"replies":[{"embeddable":true,"href":"https:\/\/www.pfarregersthof.at\/komm\/wp-json\/wp\/v2\/comments?post=5590"}],"version-history":[{"count":4,"href":"https:\/\/www.pfarregersthof.at\/komm\/wp-json\/wp\/v2\/posts\/5590\/revisions"}],"predecessor-version":[{"id":5596,"href":"https:\/\/www.pfarregersthof.at\/komm\/wp-json\/wp\/v2\/posts\/5590\/revisions\/5596"}],"wp:featuredmedia":[{"embeddable":true,"href":"https:\/\/www.pfarregersthof.at\/komm\/wp-json\/wp\/v2\/media\/5591"}],"wp:attachment":[{"href":"https:\/\/www.pfarregersthof.at\/komm\/wp-json\/wp\/v2\/media?parent=5590"}],"wp:term":[{"taxonomy":"category","embeddable":true,"href":"https:\/\/www.pfarregersthof.at\/komm\/wp-json\/wp\/v2\/categories?post=5590"},{"taxonomy":"post_tag","embeddable":true,"href":"https:\/\/www.pfarregersthof.at\/komm\/wp-json\/wp\/v2\/tags?post=5590"}],"curies":[{"name":"wp","href":"https:\/\/api.w.org\/{rel}","templated":true}]}}