{"id":5599,"date":"2019-03-02T17:30:43","date_gmt":"2019-03-02T16:30:43","guid":{"rendered":"https:\/\/www.pfarregersthof.at\/komm\/?p=5599"},"modified":"2019-03-16T16:39:30","modified_gmt":"2019-03-16T15:39:30","slug":"bei-moenchen-und-maechtigen-14-3","status":"publish","type":"post","link":"https:\/\/www.pfarregersthof.at\/komm\/2019\/03\/bei-moenchen-und-maechtigen-14-3\/","title":{"rendered":"\u201eBei M\u00f6nchen und M\u00e4chtigen\u201c (14.3.)"},"content":{"rendered":"<p>Herzliche Einladung zum n\u00e4chsten Donnerstagtreff am 14. M\u00e4rz zum Thema \u201eBei M\u00f6nchen und M\u00e4chtigen\u201c<br \/>\nEin Abend \u00fcber Weltpolitik und Athos-Stille mit dem Bestseller-Autor Heinz Nu\u00dfbaumer.<\/p>\n<p>Als Journalist, Bundespr\u00e4sidenten-Sprecher und vertraulicher \u201eBrieftr\u00e4ger\u201c traf Prof. Heinz Nu\u00dfbaumer die \u201eStars\u201c der Weltpolitik und der Weltreligionen. Um seinen aufregenden Berufsalltag zu \u00fcberleben, entdeckte er den R\u00fcckzug in die Stille der Athoskl\u00f6ster \u2013 inzwischen seit 32 Jahren.<\/p>\n<p>\u00dcber beide Erfahrungen hat er erfolgreiche B\u00fccher geschrieben \u2013 von Beidem erz\u00e4hlt er am <strong>Donnerstag, 14. M\u00e4rz, um 19.30 Uhr im Gemeindezentrum (Bastiengasse 18)<\/strong>.<\/p>\n<p><span style=\"color: #3366ff;\"><em>Heinrich Bica<\/em><\/span><\/p>\n","protected":false},"excerpt":{"rendered":"<p>Herzliche Einladung zum n\u00e4chsten Donnerstagtreff am 14. M\u00e4rz zum Thema \u201eBei M\u00f6nchen und M\u00e4chtigen\u201c Ein Abend \u00fcber Weltpolitik und Athos-Stille mit dem Bestseller-Autor Heinz Nu\u00dfbaumer. Als Journalist, Bundespr\u00e4sidenten-Sprecher und vertraulicher \u201eBrieftr\u00e4ger\u201c traf Prof. Heinz Nu\u00dfbaumer die \u201eStars\u201c der Weltpolitik und der Weltreligionen. Um seinen aufregenden Berufsalltag zu \u00fcberleben, entdeckte er den R\u00fcckzug in die Stille [&hellip;]<\/p>\n","protected":false},"author":2,"featured_media":0,"comment_status":"open","ping_status":"open","sticky":false,"template":"","format":"standard","meta":{"ngg_post_thumbnail":0,"footnotes":""},"categories":[7],"tags":[],"class_list":{"0":"post-5599","1":"post","2":"type-post","3":"status-publish","4":"format-standard","6":"category-archiv"},"publishpress_future_action":{"enabled":false,"date":"2026-05-08 01:23:44","action":"category","newStatus":"draft","terms":[],"taxonomy":"category","extraData":[]},"publishpress_future_workflow_manual_trigger":{"enabledWorkflows":[]},"_links":{"self":[{"href":"https:\/\/www.pfarregersthof.at\/komm\/wp-json\/wp\/v2\/posts\/5599","targetHints":{"allow":["GET"]}}],"collection":[{"href":"https:\/\/www.pfarregersthof.at\/komm\/wp-json\/wp\/v2\/posts"}],"about":[{"href":"https:\/\/www.pfarregersthof.at\/komm\/wp-json\/wp\/v2\/types\/post"}],"author":[{"embeddable":true,"href":"https:\/\/www.pfarregersthof.at\/komm\/wp-json\/wp\/v2\/users\/2"}],"replies":[{"embeddable":true,"href":"https:\/\/www.pfarregersthof.at\/komm\/wp-json\/wp\/v2\/comments?post=5599"}],"version-history":[{"count":1,"href":"https:\/\/www.pfarregersthof.at\/komm\/wp-json\/wp\/v2\/posts\/5599\/revisions"}],"predecessor-version":[{"id":5600,"href":"https:\/\/www.pfarregersthof.at\/komm\/wp-json\/wp\/v2\/posts\/5599\/revisions\/5600"}],"wp:attachment":[{"href":"https:\/\/www.pfarregersthof.at\/komm\/wp-json\/wp\/v2\/media?parent=5599"}],"wp:term":[{"taxonomy":"category","embeddable":true,"href":"https:\/\/www.pfarregersthof.at\/komm\/wp-json\/wp\/v2\/categories?post=5599"},{"taxonomy":"post_tag","embeddable":true,"href":"https:\/\/www.pfarregersthof.at\/komm\/wp-json\/wp\/v2\/tags?post=5599"}],"curies":[{"name":"wp","href":"https:\/\/api.w.org\/{rel}","templated":true}]}}