{"id":5601,"date":"2019-03-02T17:33:36","date_gmt":"2019-03-02T16:33:36","guid":{"rendered":"https:\/\/www.pfarregersthof.at\/komm\/?p=5601"},"modified":"2019-03-10T16:30:52","modified_gmt":"2019-03-10T15:30:52","slug":"praesentation-pastoralkonzept-9-10-3","status":"publish","type":"post","link":"https:\/\/www.pfarregersthof.at\/komm\/2019\/03\/praesentation-pastoralkonzept-9-10-3\/","title":{"rendered":"Pr\u00e4sentation Pastoralkonzept (9.+10.3)"},"content":{"rendered":"<p>Seit \u00fcber einem Jahr arbeitet ein Team an einem Pastoralkonzept f\u00fcr unsere Pfarre. Etwa 20 Personen haben aktiv an der Erstellung mitgewirkt. Dieses Pastoralkonzept richtet sich an alle Menschen, denen die Pfarre Gersthof am Herzen liegt.<\/p>\n<p>Nun wollen wir den aktuellen Stand unserer Arbeit m\u00f6glichst vielen aus der Pfarre pr\u00e4sentieren. Wir laden am <strong>Samstag, 9.3., nach der Abendmesse<\/strong> und am<strong> Sonntag, 10.3., nach der 10:00 Uhr-Messe<\/strong> in unser <strong>Gemeindezentrum (Bastiengasse 18)<\/strong> ein, wo der Entwurf vorgestellt wird.<\/p>\n<p>Anschlie\u00dfend freuen wir uns auf zahlreiche R\u00fcckmeldungen und Gespr\u00e4che. Eine Kinderbetreuung wird im Jugendkeller organisiert<\/p>\n<p>Das Gemeindeentwicklungsteam: <span style=\"color: #3366ff;\"><em>Kathi Bock, Gerda Winner, Oliver Zahn, G\u00fcnter Schm\u00f6lz, Michael Scherzer<\/em><\/span><\/p>\n","protected":false},"excerpt":{"rendered":"<p>Seit \u00fcber einem Jahr arbeitet ein Team an einem Pastoralkonzept f\u00fcr unsere Pfarre. Etwa 20 Personen haben aktiv an der Erstellung mitgewirkt. Dieses Pastoralkonzept richtet sich an alle Menschen, denen die Pfarre Gersthof am Herzen liegt. Nun wollen wir den aktuellen Stand unserer Arbeit m\u00f6glichst vielen aus der Pfarre pr\u00e4sentieren. Wir laden am Samstag, 9.3., [&hellip;]<\/p>\n","protected":false},"author":2,"featured_media":0,"comment_status":"open","ping_status":"open","sticky":false,"template":"","format":"standard","meta":{"ngg_post_thumbnail":0,"footnotes":""},"categories":[7],"tags":[],"class_list":{"0":"post-5601","1":"post","2":"type-post","3":"status-publish","4":"format-standard","6":"category-archiv"},"publishpress_future_action":{"enabled":false,"date":"2026-05-08 02:48:47","action":"category","newStatus":"draft","terms":[],"taxonomy":"category","extraData":[]},"publishpress_future_workflow_manual_trigger":{"enabledWorkflows":[]},"_links":{"self":[{"href":"https:\/\/www.pfarregersthof.at\/komm\/wp-json\/wp\/v2\/posts\/5601","targetHints":{"allow":["GET"]}}],"collection":[{"href":"https:\/\/www.pfarregersthof.at\/komm\/wp-json\/wp\/v2\/posts"}],"about":[{"href":"https:\/\/www.pfarregersthof.at\/komm\/wp-json\/wp\/v2\/types\/post"}],"author":[{"embeddable":true,"href":"https:\/\/www.pfarregersthof.at\/komm\/wp-json\/wp\/v2\/users\/2"}],"replies":[{"embeddable":true,"href":"https:\/\/www.pfarregersthof.at\/komm\/wp-json\/wp\/v2\/comments?post=5601"}],"version-history":[{"count":1,"href":"https:\/\/www.pfarregersthof.at\/komm\/wp-json\/wp\/v2\/posts\/5601\/revisions"}],"predecessor-version":[{"id":5602,"href":"https:\/\/www.pfarregersthof.at\/komm\/wp-json\/wp\/v2\/posts\/5601\/revisions\/5602"}],"wp:attachment":[{"href":"https:\/\/www.pfarregersthof.at\/komm\/wp-json\/wp\/v2\/media?parent=5601"}],"wp:term":[{"taxonomy":"category","embeddable":true,"href":"https:\/\/www.pfarregersthof.at\/komm\/wp-json\/wp\/v2\/categories?post=5601"},{"taxonomy":"post_tag","embeddable":true,"href":"https:\/\/www.pfarregersthof.at\/komm\/wp-json\/wp\/v2\/tags?post=5601"}],"curies":[{"name":"wp","href":"https:\/\/api.w.org\/{rel}","templated":true}]}}