{"id":5603,"date":"2019-03-02T18:07:32","date_gmt":"2019-03-02T17:07:32","guid":{"rendered":"https:\/\/www.pfarregersthof.at\/komm\/?p=5603"},"modified":"2019-09-24T13:12:35","modified_gmt":"2019-09-24T12:12:35","slug":"carmen-rasante-im-papiertheater","status":"publish","type":"post","link":"https:\/\/www.pfarregersthof.at\/komm\/2019\/03\/carmen-rasante-im-papiertheater\/","title":{"rendered":"Carmen rasante im Papiertheater"},"content":{"rendered":"<p>Beim 60plus-Termin im Februar wurde zum <a href=\"http:\/\/www.papiertheater.at\/\" target=\"_blank\" rel=\"noopener noreferrer\">Papiertheater Ulrich Chmels<\/a> eingeladen. Das ist ein Theater, das man nicht besuchen muss, sondern das ins Haus kommt, in diesem Fall das Gemeindezentrum der Pfarre und rund 40 haben die &#8222;Carmen rasante&#8220; verfolgt.<\/p>\n<p>Die Musik stammt aus einer Einspielung der Oper Carmen unter Dr. Karl B\u00f6hm. Um die langwierige Handlung rasch und einfach verfolgbar zu machen, hat Chmel eine Rahmenhandlung gebaut: es werden Proben f\u00fcr eine kommende Auff\u00fchrung verfolgt, Moderator dessen ist ein gewisser George Bizet &#8211; ach ja, der Komponist von Carmen. Die agierenden Figuren sind aus Papier gemacht, nach Vorlagen aus dem 19. Jahrhundert, und werden von Chmel mit Draht und F\u00e4den durch die etwa 40 cm breite B\u00fchne gef\u00fchrt.<\/p>\n<p><a href=\"https:\/\/www.theatermuseum.at\/papiertheater\/\" target=\"_blank\" rel=\"noopener noreferrer\">Papiertheater<\/a> wurden in der Zeit des Biedermeiers erfunden. Sie sollten die Unterhaltung aus gro\u00dfen und mit hohen Kosten verbundenen Theaterauff\u00fchrungen in den kleinen Rahmen einer Familie bringen. Hilfsmittel zum Bau der Kulissen f\u00fcr die B\u00fchne und der kleinen Figuren wurden von Verlagen als farbig bedruckte Papiere zur Verf\u00fcgung gestellt. Heute ist wenig davon \u00fcbrig geblieben. Chmel hat einige Quellen gefunden und auch im Theatermuseum kann man sich dar\u00fcber informieren.<\/p>\n<p>Von den Gersthoferinnen und Gersthofern wurde die &#8222;Carmen rasante&#8220; mit Freude verfolgt und der Wunsch ausgesprochen, im Fasching 2020 wieder ein Papiertheater bestaunen zu k\u00f6nnen.<\/p>\n<p>Hier noch einige Fotos zur Auff\u00fchrung und zur anschlie\u00dfenden Einf\u00fchrung von Chmel in den Backstage seines Papiertheaters.<\/p>\n<p><a href=\"https:\/\/www.pfarregersthof.at\/komm\/wp-content\/uploads\/2019\/03\/mwsat-20190228-P1220240.jpg\"><img loading=\"lazy\" decoding=\"async\" class=\"alignnone size-large wp-image-5609\" src=\"https:\/\/www.pfarregersthof.at\/komm\/wp-content\/uploads\/2019\/03\/mwsat-20190228-P1220240-800x535.jpg\" alt=\"\" width=\"800\" height=\"535\" srcset=\"https:\/\/www.pfarregersthof.at\/komm\/wp-content\/uploads\/2019\/03\/mwsat-20190228-P1220240-800x535.jpg 800w, https:\/\/www.pfarregersthof.at\/komm\/wp-content\/uploads\/2019\/03\/mwsat-20190228-P1220240-150x100.jpg 150w, https:\/\/www.pfarregersthof.at\/komm\/wp-content\/uploads\/2019\/03\/mwsat-20190228-P1220240-300x201.jpg 300w, https:\/\/www.pfarregersthof.at\/komm\/wp-content\/uploads\/2019\/03\/mwsat-20190228-P1220240-768x514.jpg 768w, https:\/\/www.pfarregersthof.at\/komm\/wp-content\/uploads\/2019\/03\/mwsat-20190228-P1220240.jpg 1000w\" sizes=\"auto, (max-width: 800px) 100vw, 800px\" \/><\/a><\/p>\n<p><a href=\"https:\/\/www.pfarregersthof.at\/komm\/wp-content\/uploads\/2019\/03\/mwsat-20190228-P1220247.jpg\"><img loading=\"lazy\" decoding=\"async\" class=\"alignnone size-large wp-image-5610\" src=\"https:\/\/www.pfarregersthof.at\/komm\/wp-content\/uploads\/2019\/03\/mwsat-20190228-P1220247-800x535.jpg\" alt=\"\" width=\"800\" height=\"535\" srcset=\"https:\/\/www.pfarregersthof.at\/komm\/wp-content\/uploads\/2019\/03\/mwsat-20190228-P1220247-800x535.jpg 800w, https:\/\/www.pfarregersthof.at\/komm\/wp-content\/uploads\/2019\/03\/mwsat-20190228-P1220247-150x100.jpg 150w, https:\/\/www.pfarregersthof.at\/komm\/wp-content\/uploads\/2019\/03\/mwsat-20190228-P1220247-300x201.jpg 300w, https:\/\/www.pfarregersthof.at\/komm\/wp-content\/uploads\/2019\/03\/mwsat-20190228-P1220247-768x514.jpg 768w, https:\/\/www.pfarregersthof.at\/komm\/wp-content\/uploads\/2019\/03\/mwsat-20190228-P1220247.jpg 1000w\" sizes=\"auto, (max-width: 800px) 100vw, 800px\" \/><\/a><\/p>\n<p><a href=\"https:\/\/www.pfarregersthof.at\/komm\/wp-content\/uploads\/2019\/03\/mwsat-20190228-P1220250.jpg\"><img loading=\"lazy\" decoding=\"async\" class=\"alignnone size-large wp-image-5605\" src=\"https:\/\/www.pfarregersthof.at\/komm\/wp-content\/uploads\/2019\/03\/mwsat-20190228-P1220250-800x443.jpg\" alt=\"\" width=\"800\" height=\"443\" srcset=\"https:\/\/www.pfarregersthof.at\/komm\/wp-content\/uploads\/2019\/03\/mwsat-20190228-P1220250-800x443.jpg 800w, https:\/\/www.pfarregersthof.at\/komm\/wp-content\/uploads\/2019\/03\/mwsat-20190228-P1220250-150x83.jpg 150w, https:\/\/www.pfarregersthof.at\/komm\/wp-content\/uploads\/2019\/03\/mwsat-20190228-P1220250-300x166.jpg 300w, https:\/\/www.pfarregersthof.at\/komm\/wp-content\/uploads\/2019\/03\/mwsat-20190228-P1220250-768x425.jpg 768w, https:\/\/www.pfarregersthof.at\/komm\/wp-content\/uploads\/2019\/03\/mwsat-20190228-P1220250.jpg 1000w\" sizes=\"auto, (max-width: 800px) 100vw, 800px\" \/><\/a><\/p>\n<p><a href=\"https:\/\/www.pfarregersthof.at\/komm\/wp-content\/uploads\/2019\/03\/mwsat-20190228-P1220255.jpg\"><img loading=\"lazy\" decoding=\"async\" class=\"alignnone size-large wp-image-5608\" src=\"https:\/\/www.pfarregersthof.at\/komm\/wp-content\/uploads\/2019\/03\/mwsat-20190228-P1220255-771x800.jpg\" alt=\"\" width=\"771\" height=\"800\" srcset=\"https:\/\/www.pfarregersthof.at\/komm\/wp-content\/uploads\/2019\/03\/mwsat-20190228-P1220255-771x800.jpg 771w, https:\/\/www.pfarregersthof.at\/komm\/wp-content\/uploads\/2019\/03\/mwsat-20190228-P1220255-145x150.jpg 145w, https:\/\/www.pfarregersthof.at\/komm\/wp-content\/uploads\/2019\/03\/mwsat-20190228-P1220255-289x300.jpg 289w, https:\/\/www.pfarregersthof.at\/komm\/wp-content\/uploads\/2019\/03\/mwsat-20190228-P1220255-768x797.jpg 768w, https:\/\/www.pfarregersthof.at\/komm\/wp-content\/uploads\/2019\/03\/mwsat-20190228-P1220255.jpg 1000w\" sizes=\"auto, (max-width: 771px) 100vw, 771px\" \/><\/a><\/p>\n<p><a href=\"https:\/\/www.pfarregersthof.at\/komm\/wp-content\/uploads\/2019\/03\/mwsat-20190228-P1220248.jpg\"><img loading=\"lazy\" decoding=\"async\" class=\"alignnone size-large wp-image-5607\" src=\"https:\/\/www.pfarregersthof.at\/komm\/wp-content\/uploads\/2019\/03\/mwsat-20190228-P1220248-535x800.jpg\" alt=\"\" width=\"535\" height=\"800\" srcset=\"https:\/\/www.pfarregersthof.at\/komm\/wp-content\/uploads\/2019\/03\/mwsat-20190228-P1220248-535x800.jpg 535w, https:\/\/www.pfarregersthof.at\/komm\/wp-content\/uploads\/2019\/03\/mwsat-20190228-P1220248-100x150.jpg 100w, https:\/\/www.pfarregersthof.at\/komm\/wp-content\/uploads\/2019\/03\/mwsat-20190228-P1220248-201x300.jpg 201w, https:\/\/www.pfarregersthof.at\/komm\/wp-content\/uploads\/2019\/03\/mwsat-20190228-P1220248-768x1149.jpg 768w, https:\/\/www.pfarregersthof.at\/komm\/wp-content\/uploads\/2019\/03\/mwsat-20190228-P1220248.jpg 1000w\" sizes=\"auto, (max-width: 535px) 100vw, 535px\" \/><\/a><\/p>\n<p><a href=\"https:\/\/www.pfarregersthof.at\/komm\/wp-content\/uploads\/2019\/03\/mwsat-20190228-P1220263.jpg\"><img loading=\"lazy\" decoding=\"async\" class=\"alignnone size-large wp-image-5604\" src=\"https:\/\/www.pfarregersthof.at\/komm\/wp-content\/uploads\/2019\/03\/mwsat-20190228-P1220263-535x800.jpg\" alt=\"\" width=\"535\" height=\"800\" srcset=\"https:\/\/www.pfarregersthof.at\/komm\/wp-content\/uploads\/2019\/03\/mwsat-20190228-P1220263-535x800.jpg 535w, https:\/\/www.pfarregersthof.at\/komm\/wp-content\/uploads\/2019\/03\/mwsat-20190228-P1220263-100x150.jpg 100w, https:\/\/www.pfarregersthof.at\/komm\/wp-content\/uploads\/2019\/03\/mwsat-20190228-P1220263-201x300.jpg 201w, https:\/\/www.pfarregersthof.at\/komm\/wp-content\/uploads\/2019\/03\/mwsat-20190228-P1220263-768x1149.jpg 768w, https:\/\/www.pfarregersthof.at\/komm\/wp-content\/uploads\/2019\/03\/mwsat-20190228-P1220263.jpg 1000w\" sizes=\"auto, (max-width: 535px) 100vw, 535px\" \/><\/a><\/p>\n<p><span style=\"font-size: 10pt;\">Fotos: Michael Steidl<\/span><\/p>\n","protected":false},"excerpt":{"rendered":"<p>Beim 60plus-Termin im Februar wurde zum Papiertheater Ulrich Chmels eingeladen. Das ist ein Theater, das man nicht besuchen muss, sondern das ins Haus kommt, in diesem Fall das Gemeindezentrum der Pfarre und rund 40 haben die &#8222;Carmen rasante&#8220; verfolgt. Die Musik stammt aus einer Einspielung der Oper Carmen unter Dr. Karl B\u00f6hm. Um die langwierige [&hellip;]<\/p>\n","protected":false},"author":2,"featured_media":5606,"comment_status":"open","ping_status":"open","sticky":false,"template":"","format":"standard","meta":{"ngg_post_thumbnail":0,"footnotes":""},"categories":[7],"tags":[],"class_list":{"0":"post-5603","1":"post","2":"type-post","3":"status-publish","4":"format-standard","5":"has-post-thumbnail","7":"category-archiv"},"publishpress_future_action":{"enabled":false,"date":"2026-05-08 04:10:50","action":"category","newStatus":"draft","terms":[],"taxonomy":"category","extraData":[]},"publishpress_future_workflow_manual_trigger":{"enabledWorkflows":[]},"_links":{"self":[{"href":"https:\/\/www.pfarregersthof.at\/komm\/wp-json\/wp\/v2\/posts\/5603","targetHints":{"allow":["GET"]}}],"collection":[{"href":"https:\/\/www.pfarregersthof.at\/komm\/wp-json\/wp\/v2\/posts"}],"about":[{"href":"https:\/\/www.pfarregersthof.at\/komm\/wp-json\/wp\/v2\/types\/post"}],"author":[{"embeddable":true,"href":"https:\/\/www.pfarregersthof.at\/komm\/wp-json\/wp\/v2\/users\/2"}],"replies":[{"embeddable":true,"href":"https:\/\/www.pfarregersthof.at\/komm\/wp-json\/wp\/v2\/comments?post=5603"}],"version-history":[{"count":4,"href":"https:\/\/www.pfarregersthof.at\/komm\/wp-json\/wp\/v2\/posts\/5603\/revisions"}],"predecessor-version":[{"id":6046,"href":"https:\/\/www.pfarregersthof.at\/komm\/wp-json\/wp\/v2\/posts\/5603\/revisions\/6046"}],"wp:featuredmedia":[{"embeddable":true,"href":"https:\/\/www.pfarregersthof.at\/komm\/wp-json\/wp\/v2\/media\/5606"}],"wp:attachment":[{"href":"https:\/\/www.pfarregersthof.at\/komm\/wp-json\/wp\/v2\/media?parent=5603"}],"wp:term":[{"taxonomy":"category","embeddable":true,"href":"https:\/\/www.pfarregersthof.at\/komm\/wp-json\/wp\/v2\/categories?post=5603"},{"taxonomy":"post_tag","embeddable":true,"href":"https:\/\/www.pfarregersthof.at\/komm\/wp-json\/wp\/v2\/tags?post=5603"}],"curies":[{"name":"wp","href":"https:\/\/api.w.org\/{rel}","templated":true}]}}