{"id":5619,"date":"2019-03-16T16:44:38","date_gmt":"2019-03-16T15:44:38","guid":{"rendered":"https:\/\/www.pfarregersthof.at\/komm\/?p=5619"},"modified":"2019-03-30T18:41:10","modified_gmt":"2019-03-30T17:41:10","slug":"kreuzweg-gedenken-an-kaplan-maier-und-glaubensverfolgte-22-3","status":"publish","type":"post","link":"https:\/\/www.pfarregersthof.at\/komm\/2019\/03\/kreuzweg-gedenken-an-kaplan-maier-und-glaubensverfolgte-22-3\/","title":{"rendered":"Kreuzweg: Gedenken an Kaplan Maier und Glaubensverfolgte (22.3.)"},"content":{"rendered":"<p>Es lebe Christus der K\u00f6nig, es lebe \u00d6sterreich!<\/p>\n<p>Das waren die letzten Worte unseres ehemaligen Kaplans DDr. Heinrich Maier bevor er am 22. M\u00e4rz 1945 vom nationalsozialistischen Terrorregime im Wiener Landesgericht hingerichtet wurde.<\/p>\n<p>Im Gedenken an Kaplan Maier und aller aufgrund ihres Glaubens an Christus Verfolgten, gehen wir <strong>am Freitag, 22. M\u00e4rz 2019, um 18,00 Uhr den Kreuzweg in der Gersthofer Pfarrkirche<\/strong>.<\/p>\n<p><span style=\"color: #3366ff;\"><em>Diakon Toni<\/em><\/span><\/p>\n","protected":false},"excerpt":{"rendered":"<p>Es lebe Christus der K\u00f6nig, es lebe \u00d6sterreich! Das waren die letzten Worte unseres ehemaligen Kaplans DDr. Heinrich Maier bevor er am 22. M\u00e4rz 1945 vom nationalsozialistischen Terrorregime im Wiener Landesgericht hingerichtet wurde. Im Gedenken an Kaplan Maier und aller aufgrund ihres Glaubens an Christus Verfolgten, gehen wir am Freitag, 22. M\u00e4rz 2019, um 18,00 [&hellip;]<\/p>\n","protected":false},"author":2,"featured_media":0,"comment_status":"open","ping_status":"open","sticky":false,"template":"","format":"standard","meta":{"ngg_post_thumbnail":0,"footnotes":""},"categories":[7],"tags":[],"class_list":{"0":"post-5619","1":"post","2":"type-post","3":"status-publish","4":"format-standard","6":"category-archiv"},"publishpress_future_action":{"enabled":false,"date":"2026-05-08 09:53:25","action":"category","newStatus":"draft","terms":[],"taxonomy":"category","extraData":[]},"publishpress_future_workflow_manual_trigger":{"enabledWorkflows":[]},"_links":{"self":[{"href":"https:\/\/www.pfarregersthof.at\/komm\/wp-json\/wp\/v2\/posts\/5619","targetHints":{"allow":["GET"]}}],"collection":[{"href":"https:\/\/www.pfarregersthof.at\/komm\/wp-json\/wp\/v2\/posts"}],"about":[{"href":"https:\/\/www.pfarregersthof.at\/komm\/wp-json\/wp\/v2\/types\/post"}],"author":[{"embeddable":true,"href":"https:\/\/www.pfarregersthof.at\/komm\/wp-json\/wp\/v2\/users\/2"}],"replies":[{"embeddable":true,"href":"https:\/\/www.pfarregersthof.at\/komm\/wp-json\/wp\/v2\/comments?post=5619"}],"version-history":[{"count":1,"href":"https:\/\/www.pfarregersthof.at\/komm\/wp-json\/wp\/v2\/posts\/5619\/revisions"}],"predecessor-version":[{"id":5620,"href":"https:\/\/www.pfarregersthof.at\/komm\/wp-json\/wp\/v2\/posts\/5619\/revisions\/5620"}],"wp:attachment":[{"href":"https:\/\/www.pfarregersthof.at\/komm\/wp-json\/wp\/v2\/media?parent=5619"}],"wp:term":[{"taxonomy":"category","embeddable":true,"href":"https:\/\/www.pfarregersthof.at\/komm\/wp-json\/wp\/v2\/categories?post=5619"},{"taxonomy":"post_tag","embeddable":true,"href":"https:\/\/www.pfarregersthof.at\/komm\/wp-json\/wp\/v2\/tags?post=5619"}],"curies":[{"name":"wp","href":"https:\/\/api.w.org\/{rel}","templated":true}]}}