{"id":5621,"date":"2019-03-16T16:43:58","date_gmt":"2019-03-16T15:43:58","guid":{"rendered":"https:\/\/www.pfarregersthof.at\/komm\/?p=5621"},"modified":"2019-03-30T18:41:19","modified_gmt":"2019-03-30T17:41:19","slug":"als-katholik-im-eu-parlament-24-3","status":"publish","type":"post","link":"https:\/\/www.pfarregersthof.at\/komm\/2019\/03\/als-katholik-im-eu-parlament-24-3\/","title":{"rendered":"\u201eAls Katholik im EU-Parlament\u201c (24.3.)"},"content":{"rendered":"<p>Einladung zum <strong>Bildungs-Fr\u00fchschoppen am Sonntag, dem 24. 3., um 11.30 Uhr ins Gemeindezentrum (Bastiengasse 18)<\/strong><\/p>\n<p><strong>\u201eAls Katholik im EU-Parlament\u201c mit dem&nbsp; Abgeordneten zum Europ\u00e4ischen Parlament Mag. Lukas MANDL<\/strong><\/p>\n<p>Lukas Mandl ist im Jahr 1979 in Wien geboren und in Seyring (n\u00f6rdlich von Wien) aufgewachsen. Von 2008 bis 2017 war er Abgeordneter zum N\u00d6 Landtag. Seit 30.11.2017 ist er Mitglied des Europ\u00e4ischen Parlaments. Er geh\u00f6rt dem Ausschuss f\u00fcr Umweltfragen, \u00f6ffentliche Gesundheit und Lebensmittelsicherheit an.<\/p>\n<p>Eine seiner Kernbotschaften (nachzulesen in der Wiener Kirchenzeitung \u201eSonntag\u201c vom 6.1.2019) ist: \u201eEuropa braucht mehr Christen. Sie sind nicht bessere Menschen, aber sie k\u00f6nnen sich an einer frohen Botschaft anhalten: Glaube, Hoffnung und Liebe. Christen sind gut darin, wenn es darum geht zu deeskalieren, zu verzeihen und zu entdramatisieren. Christen sind im Normalfall nicht destruktiv, sondern konstruktiv und sie haben meistens Humor.\u201c<\/p>\n<p>Herzliche Einladung,<br \/>\n<span style=\"color: #3366ff;\"><em>Wolfgang Fellner<\/em><\/span><\/p>\n","protected":false},"excerpt":{"rendered":"<p>Einladung zum Bildungs-Fr\u00fchschoppen am Sonntag, dem 24. 3., um 11.30 Uhr ins Gemeindezentrum (Bastiengasse 18) \u201eAls Katholik im EU-Parlament\u201c mit dem&nbsp; Abgeordneten zum Europ\u00e4ischen Parlament Mag. Lukas MANDL Lukas Mandl ist im Jahr 1979 in Wien geboren und in Seyring (n\u00f6rdlich von Wien) aufgewachsen. Von 2008 bis 2017 war er Abgeordneter zum N\u00d6 Landtag. Seit [&hellip;]<\/p>\n","protected":false},"author":2,"featured_media":0,"comment_status":"open","ping_status":"open","sticky":false,"template":"","format":"standard","meta":{"ngg_post_thumbnail":0,"footnotes":""},"categories":[7],"tags":[],"class_list":{"0":"post-5621","1":"post","2":"type-post","3":"status-publish","4":"format-standard","6":"category-archiv"},"publishpress_future_action":{"enabled":false,"date":"2026-05-08 07:01:34","action":"category","newStatus":"draft","terms":[],"taxonomy":"category","extraData":[]},"publishpress_future_workflow_manual_trigger":{"enabledWorkflows":[]},"_links":{"self":[{"href":"https:\/\/www.pfarregersthof.at\/komm\/wp-json\/wp\/v2\/posts\/5621","targetHints":{"allow":["GET"]}}],"collection":[{"href":"https:\/\/www.pfarregersthof.at\/komm\/wp-json\/wp\/v2\/posts"}],"about":[{"href":"https:\/\/www.pfarregersthof.at\/komm\/wp-json\/wp\/v2\/types\/post"}],"author":[{"embeddable":true,"href":"https:\/\/www.pfarregersthof.at\/komm\/wp-json\/wp\/v2\/users\/2"}],"replies":[{"embeddable":true,"href":"https:\/\/www.pfarregersthof.at\/komm\/wp-json\/wp\/v2\/comments?post=5621"}],"version-history":[{"count":1,"href":"https:\/\/www.pfarregersthof.at\/komm\/wp-json\/wp\/v2\/posts\/5621\/revisions"}],"predecessor-version":[{"id":5622,"href":"https:\/\/www.pfarregersthof.at\/komm\/wp-json\/wp\/v2\/posts\/5621\/revisions\/5622"}],"wp:attachment":[{"href":"https:\/\/www.pfarregersthof.at\/komm\/wp-json\/wp\/v2\/media?parent=5621"}],"wp:term":[{"taxonomy":"category","embeddable":true,"href":"https:\/\/www.pfarregersthof.at\/komm\/wp-json\/wp\/v2\/categories?post=5621"},{"taxonomy":"post_tag","embeddable":true,"href":"https:\/\/www.pfarregersthof.at\/komm\/wp-json\/wp\/v2\/tags?post=5621"}],"curies":[{"name":"wp","href":"https:\/\/api.w.org\/{rel}","templated":true}]}}