{"id":5623,"date":"2019-03-16T16:52:39","date_gmt":"2019-03-16T15:52:39","guid":{"rendered":"https:\/\/www.pfarregersthof.at\/komm\/?p=5623"},"modified":"2019-04-29T13:25:33","modified_gmt":"2019-04-29T12:25:33","slug":"glaeserner-kreuzweg-fuer-voruebergehende","status":"publish","type":"post","link":"https:\/\/www.pfarregersthof.at\/komm\/2019\/03\/glaeserner-kreuzweg-fuer-voruebergehende\/","title":{"rendered":"Gl\u00e4serner Kreuzweg f\u00fcr Vor\u00fcbergehende"},"content":{"rendered":"<p>Dieser Kreuzweg l\u00e4dt Menschen in unserem Pfarrgebiet w\u00e4hrend der Ostervorbereitungszeit zu einigen Minuten der Nachdenklichkeit und zu neuem &#8222;Durchblick&#8220; ein!<\/p>\n<p>Die 1. Station ist im rechten Schaukasten vor dem Eingang der Pfarrkirche am Bischof-Faber-Platz. Die originalen Glasbilder befinden sich in Bad Erlach und wurden vom K\u00fcnstler Alois Hammer nach Entw\u00fcrfen der akademischen Malerin Christine Buchner in Tiffani-Technik gefertigt.<\/p>\n<p>Bei der 1. Station erhalten Sie einen Hinweis, wo Sie die n\u00e4chste Station finden.<\/p>\n<p>Erforschen Sie sich diesen Kreugweg,<\/p>\n<p><span style=\"color: #3366ff;\"><em>Arbeitskreis F.A.N<\/em><\/span><\/p>\n","protected":false},"excerpt":{"rendered":"<p>Dieser Kreuzweg l\u00e4dt Menschen in unserem Pfarrgebiet w\u00e4hrend der Ostervorbereitungszeit zu einigen Minuten der Nachdenklichkeit und zu neuem &#8222;Durchblick&#8220; ein! Die 1. Station ist im rechten Schaukasten vor dem Eingang der Pfarrkirche am Bischof-Faber-Platz. Die originalen Glasbilder befinden sich in Bad Erlach und wurden vom K\u00fcnstler Alois Hammer nach Entw\u00fcrfen der akademischen Malerin Christine Buchner [&hellip;]<\/p>\n","protected":false},"author":2,"featured_media":0,"comment_status":"open","ping_status":"open","sticky":false,"template":"","format":"standard","meta":{"ngg_post_thumbnail":0,"footnotes":""},"categories":[7],"tags":[],"class_list":{"0":"post-5623","1":"post","2":"type-post","3":"status-publish","4":"format-standard","6":"category-archiv"},"publishpress_future_action":{"enabled":false,"date":"2026-05-08 09:54:27","action":"category","newStatus":"draft","terms":[],"taxonomy":"category","extraData":[]},"publishpress_future_workflow_manual_trigger":{"enabledWorkflows":[]},"_links":{"self":[{"href":"https:\/\/www.pfarregersthof.at\/komm\/wp-json\/wp\/v2\/posts\/5623","targetHints":{"allow":["GET"]}}],"collection":[{"href":"https:\/\/www.pfarregersthof.at\/komm\/wp-json\/wp\/v2\/posts"}],"about":[{"href":"https:\/\/www.pfarregersthof.at\/komm\/wp-json\/wp\/v2\/types\/post"}],"author":[{"embeddable":true,"href":"https:\/\/www.pfarregersthof.at\/komm\/wp-json\/wp\/v2\/users\/2"}],"replies":[{"embeddable":true,"href":"https:\/\/www.pfarregersthof.at\/komm\/wp-json\/wp\/v2\/comments?post=5623"}],"version-history":[{"count":1,"href":"https:\/\/www.pfarregersthof.at\/komm\/wp-json\/wp\/v2\/posts\/5623\/revisions"}],"predecessor-version":[{"id":5624,"href":"https:\/\/www.pfarregersthof.at\/komm\/wp-json\/wp\/v2\/posts\/5623\/revisions\/5624"}],"wp:attachment":[{"href":"https:\/\/www.pfarregersthof.at\/komm\/wp-json\/wp\/v2\/media?parent=5623"}],"wp:term":[{"taxonomy":"category","embeddable":true,"href":"https:\/\/www.pfarregersthof.at\/komm\/wp-json\/wp\/v2\/categories?post=5623"},{"taxonomy":"post_tag","embeddable":true,"href":"https:\/\/www.pfarregersthof.at\/komm\/wp-json\/wp\/v2\/tags?post=5623"}],"curies":[{"name":"wp","href":"https:\/\/api.w.org\/{rel}","templated":true}]}}