{"id":5628,"date":"2019-04-06T18:46:14","date_gmt":"2019-04-06T17:46:14","guid":{"rendered":"https:\/\/www.pfarregersthof.at\/komm\/?p=5628"},"modified":"2019-05-04T14:48:03","modified_gmt":"2019-05-04T13:48:03","slug":"unsere-kirche-gute-wege-in-die-zukunft-29-4","status":"publish","type":"post","link":"https:\/\/www.pfarregersthof.at\/komm\/2019\/04\/unsere-kirche-gute-wege-in-die-zukunft-29-4\/","title":{"rendered":"\u201eUnsere Kirche \u2013 Gute Wege in die Zukunft\u201c (29.4.)"},"content":{"rendered":"<p><strong>Professor DDr. Paul M. Zulehner<\/strong> spricht am <strong>Montag, 29. April, 19.30 Uhr im Gemeindezentrum (Bastiengasse 18)<\/strong> zum Thema: <strong>\u201eUnsere Kirche \u2013 Gute Wege in die Zukunft\u201c<\/strong><\/p>\n<p>Wohin f\u00fchrt Papst Franziskus unsere Kirche? Sind wir unterwegs in eine neue \u00c4ra der Kirche? Was bedeuten die Entwicklungen der Weltkirche f\u00fcr die Erzdi\u00f6zese Wien und was f\u00fcr die einzelnen Pfarrgemeinden vor Ort? Wie wichtig ist uns die Feier der Eucharistie? Wie k\u00f6nnen sich die Christinnen und Christen in Zukunft besser und st\u00e4rker vernetzen?<\/p>\n<p>Zum Vortrag und anschlie\u00dfenden gemeinsamen Dialog l\u00e4dt herzlich ein<br \/>\n<span style=\"color: #3366ff;\"><em>G\u00fcnter Schm\u00f6lz<\/em><\/span> mit dem Team zur Gemeindeentwicklung<\/p>\n","protected":false},"excerpt":{"rendered":"<p>Professor DDr. Paul M. Zulehner spricht am Montag, 29. April, 19.30 Uhr im Gemeindezentrum (Bastiengasse 18) zum Thema: \u201eUnsere Kirche \u2013 Gute Wege in die Zukunft\u201c Wohin f\u00fchrt Papst Franziskus unsere Kirche? Sind wir unterwegs in eine neue \u00c4ra der Kirche? Was bedeuten die Entwicklungen der Weltkirche f\u00fcr die Erzdi\u00f6zese Wien und was f\u00fcr die [&hellip;]<\/p>\n","protected":false},"author":2,"featured_media":0,"comment_status":"open","ping_status":"open","sticky":false,"template":"","format":"standard","meta":{"ngg_post_thumbnail":0,"footnotes":""},"categories":[7],"tags":[],"class_list":{"0":"post-5628","1":"post","2":"type-post","3":"status-publish","4":"format-standard","6":"category-archiv"},"publishpress_future_action":{"enabled":false,"date":"2026-05-08 18:58:26","action":"category","newStatus":"draft","terms":[],"taxonomy":"category","extraData":[]},"publishpress_future_workflow_manual_trigger":{"enabledWorkflows":[]},"_links":{"self":[{"href":"https:\/\/www.pfarregersthof.at\/komm\/wp-json\/wp\/v2\/posts\/5628","targetHints":{"allow":["GET"]}}],"collection":[{"href":"https:\/\/www.pfarregersthof.at\/komm\/wp-json\/wp\/v2\/posts"}],"about":[{"href":"https:\/\/www.pfarregersthof.at\/komm\/wp-json\/wp\/v2\/types\/post"}],"author":[{"embeddable":true,"href":"https:\/\/www.pfarregersthof.at\/komm\/wp-json\/wp\/v2\/users\/2"}],"replies":[{"embeddable":true,"href":"https:\/\/www.pfarregersthof.at\/komm\/wp-json\/wp\/v2\/comments?post=5628"}],"version-history":[{"count":2,"href":"https:\/\/www.pfarregersthof.at\/komm\/wp-json\/wp\/v2\/posts\/5628\/revisions"}],"predecessor-version":[{"id":5646,"href":"https:\/\/www.pfarregersthof.at\/komm\/wp-json\/wp\/v2\/posts\/5628\/revisions\/5646"}],"wp:attachment":[{"href":"https:\/\/www.pfarregersthof.at\/komm\/wp-json\/wp\/v2\/media?parent=5628"}],"wp:term":[{"taxonomy":"category","embeddable":true,"href":"https:\/\/www.pfarregersthof.at\/komm\/wp-json\/wp\/v2\/categories?post=5628"},{"taxonomy":"post_tag","embeddable":true,"href":"https:\/\/www.pfarregersthof.at\/komm\/wp-json\/wp\/v2\/tags?post=5628"}],"curies":[{"name":"wp","href":"https:\/\/api.w.org\/{rel}","templated":true}]}}