{"id":5630,"date":"2019-04-06T18:48:28","date_gmt":"2019-04-06T17:48:28","guid":{"rendered":"https:\/\/www.pfarregersthof.at\/komm\/?p=5630"},"modified":"2019-04-27T20:20:51","modified_gmt":"2019-04-27T19:20:51","slug":"dioezesane-auszeichnungen-fuer-gersthofer_innen-26-4","status":"publish","type":"post","link":"https:\/\/www.pfarregersthof.at\/komm\/2019\/04\/dioezesane-auszeichnungen-fuer-gersthofer_innen-26-4\/","title":{"rendered":"Di\u00f6zesane Auszeichnungen f\u00fcr Gersthofer_innen (26.4.)"},"content":{"rendered":"<p>Die bisch\u00f6fliche Visitation 2018 im Dekanat des 18.Bezirks durch Weihbischof Dr.Helmut Kr\u00e4tzl hat ein erfreuliches Ende gefunden!<\/p>\n<p>Als \u201eNachklang\u201c werden am <strong>26. April um 18.00 in unserer Pfarrkirche<\/strong> sechs Di\u00f6zesane Auszeichnungen an je 3 verdiente Frauen und M\u00e4nner \u00fcbergeben.<br \/>\nBitte diesen Termin vormerken.<\/p>\n<p>Dazu l\u00e4dt ein<br \/>\n<span style=\"color: #3366ff;\"><em>Pfr. Norbert<\/em><\/span><\/p>\n","protected":false},"excerpt":{"rendered":"<p>Die bisch\u00f6fliche Visitation 2018 im Dekanat des 18.Bezirks durch Weihbischof Dr.Helmut Kr\u00e4tzl hat ein erfreuliches Ende gefunden! Als \u201eNachklang\u201c werden am 26. April um 18.00 in unserer Pfarrkirche sechs Di\u00f6zesane Auszeichnungen an je 3 verdiente Frauen und M\u00e4nner \u00fcbergeben. Bitte diesen Termin vormerken. Dazu l\u00e4dt ein Pfr. Norbert<\/p>\n","protected":false},"author":2,"featured_media":0,"comment_status":"open","ping_status":"open","sticky":false,"template":"","format":"standard","meta":{"ngg_post_thumbnail":0,"footnotes":""},"categories":[7],"tags":[],"class_list":{"0":"post-5630","1":"post","2":"type-post","3":"status-publish","4":"format-standard","6":"category-archiv"},"publishpress_future_action":{"enabled":false,"date":"2026-05-10 11:16:16","action":"category","newStatus":"draft","terms":[],"taxonomy":"category","extraData":[]},"publishpress_future_workflow_manual_trigger":{"enabledWorkflows":[]},"_links":{"self":[{"href":"https:\/\/www.pfarregersthof.at\/komm\/wp-json\/wp\/v2\/posts\/5630","targetHints":{"allow":["GET"]}}],"collection":[{"href":"https:\/\/www.pfarregersthof.at\/komm\/wp-json\/wp\/v2\/posts"}],"about":[{"href":"https:\/\/www.pfarregersthof.at\/komm\/wp-json\/wp\/v2\/types\/post"}],"author":[{"embeddable":true,"href":"https:\/\/www.pfarregersthof.at\/komm\/wp-json\/wp\/v2\/users\/2"}],"replies":[{"embeddable":true,"href":"https:\/\/www.pfarregersthof.at\/komm\/wp-json\/wp\/v2\/comments?post=5630"}],"version-history":[{"count":1,"href":"https:\/\/www.pfarregersthof.at\/komm\/wp-json\/wp\/v2\/posts\/5630\/revisions"}],"predecessor-version":[{"id":5631,"href":"https:\/\/www.pfarregersthof.at\/komm\/wp-json\/wp\/v2\/posts\/5630\/revisions\/5631"}],"wp:attachment":[{"href":"https:\/\/www.pfarregersthof.at\/komm\/wp-json\/wp\/v2\/media?parent=5630"}],"wp:term":[{"taxonomy":"category","embeddable":true,"href":"https:\/\/www.pfarregersthof.at\/komm\/wp-json\/wp\/v2\/categories?post=5630"},{"taxonomy":"post_tag","embeddable":true,"href":"https:\/\/www.pfarregersthof.at\/komm\/wp-json\/wp\/v2\/tags?post=5630"}],"curies":[{"name":"wp","href":"https:\/\/api.w.org\/{rel}","templated":true}]}}