{"id":5632,"date":"2019-03-30T18:50:11","date_gmt":"2019-03-30T17:50:11","guid":{"rendered":"https:\/\/www.pfarregersthof.at\/komm\/?p=5632"},"modified":"2019-04-05T21:07:02","modified_gmt":"2019-04-05T20:07:02","slug":"kreuzweg-der-verfolgten-christen-5-4","status":"publish","type":"post","link":"https:\/\/www.pfarregersthof.at\/komm\/2019\/03\/kreuzweg-der-verfolgten-christen-5-4\/","title":{"rendered":"Kreuzweg der verfolgten Christen (5.4.)"},"content":{"rendered":"<p>Alle f\u00fcnf Minuten wird ein Christ wegen seines Glaubens get\u00f6tet. Mehr als 100 Millionen Christen werden weltweit verfolgt, vertrieben, eingesperrt und viele auch ermordet. F\u00fcr viele Christen geh\u00f6rt somit die Todesangst vor Verfolgung und Denunziation zum allt\u00e4glichen Leben.<\/p>\n<p>Am <strong>Freitag, 5. April, um 18.00h in der Pfarrkirche<\/strong> gedenken wir unserer verfolgten Schwestern und Br\u00fcder.<\/p>\n<p><span style=\"color: #3366ff;\"><em>Diakon Toni<\/em><\/span><\/p>\n","protected":false},"excerpt":{"rendered":"<p>Alle f\u00fcnf Minuten wird ein Christ wegen seines Glaubens get\u00f6tet. Mehr als 100 Millionen Christen werden weltweit verfolgt, vertrieben, eingesperrt und viele auch ermordet. F\u00fcr viele Christen geh\u00f6rt somit die Todesangst vor Verfolgung und Denunziation zum allt\u00e4glichen Leben. Am Freitag, 5. April, um 18.00h in der Pfarrkirche gedenken wir unserer verfolgten Schwestern und Br\u00fcder. Diakon [&hellip;]<\/p>\n","protected":false},"author":2,"featured_media":0,"comment_status":"open","ping_status":"open","sticky":false,"template":"","format":"standard","meta":{"ngg_post_thumbnail":0,"footnotes":""},"categories":[7],"tags":[],"class_list":{"0":"post-5632","1":"post","2":"type-post","3":"status-publish","4":"format-standard","6":"category-archiv"},"publishpress_future_action":{"enabled":false,"date":"2026-05-08 13:06:54","action":"category","newStatus":"draft","terms":[],"taxonomy":"category","extraData":[]},"publishpress_future_workflow_manual_trigger":{"enabledWorkflows":[]},"_links":{"self":[{"href":"https:\/\/www.pfarregersthof.at\/komm\/wp-json\/wp\/v2\/posts\/5632","targetHints":{"allow":["GET"]}}],"collection":[{"href":"https:\/\/www.pfarregersthof.at\/komm\/wp-json\/wp\/v2\/posts"}],"about":[{"href":"https:\/\/www.pfarregersthof.at\/komm\/wp-json\/wp\/v2\/types\/post"}],"author":[{"embeddable":true,"href":"https:\/\/www.pfarregersthof.at\/komm\/wp-json\/wp\/v2\/users\/2"}],"replies":[{"embeddable":true,"href":"https:\/\/www.pfarregersthof.at\/komm\/wp-json\/wp\/v2\/comments?post=5632"}],"version-history":[{"count":1,"href":"https:\/\/www.pfarregersthof.at\/komm\/wp-json\/wp\/v2\/posts\/5632\/revisions"}],"predecessor-version":[{"id":5633,"href":"https:\/\/www.pfarregersthof.at\/komm\/wp-json\/wp\/v2\/posts\/5632\/revisions\/5633"}],"wp:attachment":[{"href":"https:\/\/www.pfarregersthof.at\/komm\/wp-json\/wp\/v2\/media?parent=5632"}],"wp:term":[{"taxonomy":"category","embeddable":true,"href":"https:\/\/www.pfarregersthof.at\/komm\/wp-json\/wp\/v2\/categories?post=5632"},{"taxonomy":"post_tag","embeddable":true,"href":"https:\/\/www.pfarregersthof.at\/komm\/wp-json\/wp\/v2\/tags?post=5632"}],"curies":[{"name":"wp","href":"https:\/\/api.w.org\/{rel}","templated":true}]}}