{"id":5637,"date":"2019-03-30T18:56:52","date_gmt":"2019-03-30T17:56:52","guid":{"rendered":"https:\/\/www.pfarregersthof.at\/komm\/?p=5637"},"modified":"2019-04-02T21:06:51","modified_gmt":"2019-04-02T20:06:51","slug":"multireligioesen-bezirksforum-18-2-4","status":"publish","type":"post","link":"https:\/\/www.pfarregersthof.at\/komm\/2019\/03\/multireligioesen-bezirksforum-18-2-4\/","title":{"rendered":"Multireligi\u00f6sen Bezirksforum 18  (2.4.)"},"content":{"rendered":"<p>Am <strong>Dienstag, 2. April, um 18.00-20.00 Uhr<\/strong> findet das n\u00e4chste Treffen des Multireligi\u00f6sen Bezirksforums 18 statt.<\/p>\n<p>Dazu sind unabh\u00e4ngig von der Konfession Interessierte herzlich eingeladen.<\/p>\n<p>Ort: <strong>Dandarah Kulturzentrum, 1180 Wien, W\u00e4hringer G\u00fcrtel 59\/1-3<\/strong><\/p>\n<p>Auf reges Interesse hoffen<br \/>\n<span style=\"color: #3366ff;\"><em>Alfred Hofstadler und Heinrich Bica<\/em><\/span><\/p>\n","protected":false},"excerpt":{"rendered":"<p>Am Dienstag, 2. April, um 18.00-20.00 Uhr findet das n\u00e4chste Treffen des Multireligi\u00f6sen Bezirksforums 18 statt. Dazu sind unabh\u00e4ngig von der Konfession Interessierte herzlich eingeladen. Ort: Dandarah Kulturzentrum, 1180 Wien, W\u00e4hringer G\u00fcrtel 59\/1-3 Auf reges Interesse hoffen Alfred Hofstadler und Heinrich Bica<\/p>\n","protected":false},"author":2,"featured_media":0,"comment_status":"open","ping_status":"open","sticky":false,"template":"","format":"standard","meta":{"ngg_post_thumbnail":0,"footnotes":""},"categories":[7],"tags":[],"class_list":{"0":"post-5637","1":"post","2":"type-post","3":"status-publish","4":"format-standard","6":"category-archiv"},"publishpress_future_action":{"enabled":false,"date":"2026-05-08 15:50:55","action":"category","newStatus":"draft","terms":[],"taxonomy":"category","extraData":[]},"publishpress_future_workflow_manual_trigger":{"enabledWorkflows":[]},"_links":{"self":[{"href":"https:\/\/www.pfarregersthof.at\/komm\/wp-json\/wp\/v2\/posts\/5637","targetHints":{"allow":["GET"]}}],"collection":[{"href":"https:\/\/www.pfarregersthof.at\/komm\/wp-json\/wp\/v2\/posts"}],"about":[{"href":"https:\/\/www.pfarregersthof.at\/komm\/wp-json\/wp\/v2\/types\/post"}],"author":[{"embeddable":true,"href":"https:\/\/www.pfarregersthof.at\/komm\/wp-json\/wp\/v2\/users\/2"}],"replies":[{"embeddable":true,"href":"https:\/\/www.pfarregersthof.at\/komm\/wp-json\/wp\/v2\/comments?post=5637"}],"version-history":[{"count":1,"href":"https:\/\/www.pfarregersthof.at\/komm\/wp-json\/wp\/v2\/posts\/5637\/revisions"}],"predecessor-version":[{"id":5638,"href":"https:\/\/www.pfarregersthof.at\/komm\/wp-json\/wp\/v2\/posts\/5637\/revisions\/5638"}],"wp:attachment":[{"href":"https:\/\/www.pfarregersthof.at\/komm\/wp-json\/wp\/v2\/media?parent=5637"}],"wp:term":[{"taxonomy":"category","embeddable":true,"href":"https:\/\/www.pfarregersthof.at\/komm\/wp-json\/wp\/v2\/categories?post=5637"},{"taxonomy":"post_tag","embeddable":true,"href":"https:\/\/www.pfarregersthof.at\/komm\/wp-json\/wp\/v2\/tags?post=5637"}],"curies":[{"name":"wp","href":"https:\/\/api.w.org\/{rel}","templated":true}]}}