{"id":5639,"date":"2019-03-30T19:02:43","date_gmt":"2019-03-30T18:02:43","guid":{"rendered":"https:\/\/www.pfarregersthof.at\/komm\/?p=5639"},"modified":"2019-04-02T20:05:08","modified_gmt":"2019-04-02T19:05:08","slug":"osterkerzen-basteln-2-4","status":"publish","type":"post","link":"https:\/\/www.pfarregersthof.at\/komm\/2019\/03\/osterkerzen-basteln-2-4\/","title":{"rendered":"Osterkerzen basteln (2.4.)"},"content":{"rendered":"<p>Alle Jahre wieder &#8211; trotzdem immer neu: Osterkerzen basteln<\/p>\n<p>Eine herzliche Einladung an Kinder, Jugendliche und Erwachsene uns beim Verzieren von mehr als 200 Kerzen zu helfen!<\/p>\n<p>Sie werden tats\u00e4chlich aufbl\u00fchen dabei. Es sind keine Vorkenntnisse n\u00f6tig &#8211; nur Ihre Zeitspende am <strong>2. April ab 17.00 Uhr!<\/strong> Bastelort: Pfarrhaus (Bischof-Faber-Platz 7)<\/p>\n<p>Wir freuen uns sehr \u00fcber viele HelferInnen, denn jede verkaufte Osterkerze leuchtet an den kommenden Festtagen nicht nur in unserer Gemeinde, sondern hilft auch Menschen in Kenia, einem Projektland der Dreik\u00f6nigsaktion. Machen Sie mit! Kommen auch Sie! Kommt mit Euren Eltern, kommt als Gruppe, willkommen alle Bastelfreaks!<\/p>\n<p><span style=\"color: #3366ff;\"><em>Monika Gamillscheg<\/em><\/span><\/p>\n","protected":false},"excerpt":{"rendered":"<p>Alle Jahre wieder &#8211; trotzdem immer neu: Osterkerzen basteln Eine herzliche Einladung an Kinder, Jugendliche und Erwachsene uns beim Verzieren von mehr als 200 Kerzen zu helfen! Sie werden tats\u00e4chlich aufbl\u00fchen dabei. Es sind keine Vorkenntnisse n\u00f6tig &#8211; nur Ihre Zeitspende am 2. April ab 17.00 Uhr! Bastelort: Pfarrhaus (Bischof-Faber-Platz 7) Wir freuen uns sehr [&hellip;]<\/p>\n","protected":false},"author":2,"featured_media":0,"comment_status":"open","ping_status":"open","sticky":false,"template":"","format":"standard","meta":{"ngg_post_thumbnail":0,"footnotes":""},"categories":[7],"tags":[],"class_list":{"0":"post-5639","1":"post","2":"type-post","3":"status-publish","4":"format-standard","6":"category-archiv"},"publishpress_future_action":{"enabled":false,"date":"2026-05-10 11:23:14","action":"category","newStatus":"draft","terms":[],"taxonomy":"category","extraData":[]},"publishpress_future_workflow_manual_trigger":{"enabledWorkflows":[]},"_links":{"self":[{"href":"https:\/\/www.pfarregersthof.at\/komm\/wp-json\/wp\/v2\/posts\/5639","targetHints":{"allow":["GET"]}}],"collection":[{"href":"https:\/\/www.pfarregersthof.at\/komm\/wp-json\/wp\/v2\/posts"}],"about":[{"href":"https:\/\/www.pfarregersthof.at\/komm\/wp-json\/wp\/v2\/types\/post"}],"author":[{"embeddable":true,"href":"https:\/\/www.pfarregersthof.at\/komm\/wp-json\/wp\/v2\/users\/2"}],"replies":[{"embeddable":true,"href":"https:\/\/www.pfarregersthof.at\/komm\/wp-json\/wp\/v2\/comments?post=5639"}],"version-history":[{"count":2,"href":"https:\/\/www.pfarregersthof.at\/komm\/wp-json\/wp\/v2\/posts\/5639\/revisions"}],"predecessor-version":[{"id":5645,"href":"https:\/\/www.pfarregersthof.at\/komm\/wp-json\/wp\/v2\/posts\/5639\/revisions\/5645"}],"wp:attachment":[{"href":"https:\/\/www.pfarregersthof.at\/komm\/wp-json\/wp\/v2\/media?parent=5639"}],"wp:term":[{"taxonomy":"category","embeddable":true,"href":"https:\/\/www.pfarregersthof.at\/komm\/wp-json\/wp\/v2\/categories?post=5639"},{"taxonomy":"post_tag","embeddable":true,"href":"https:\/\/www.pfarregersthof.at\/komm\/wp-json\/wp\/v2\/tags?post=5639"}],"curies":[{"name":"wp","href":"https:\/\/api.w.org\/{rel}","templated":true}]}}