{"id":5643,"date":"2019-03-30T18:48:41","date_gmt":"2019-03-30T17:48:41","guid":{"rendered":"https:\/\/www.pfarregersthof.at\/komm\/?p=5643"},"modified":"2019-04-14T13:40:12","modified_gmt":"2019-04-14T12:40:12","slug":"suppensonntag-7-4","status":"publish","type":"post","link":"https:\/\/www.pfarregersthof.at\/komm\/2019\/03\/suppensonntag-7-4\/","title":{"rendered":"Suppensonntag (7.4.)"},"content":{"rendered":"<p>Am 7. April findet der Suppensonntag f\u00fcr Madurantakam, S\u00fcdindien im Gemeindezentrum (Bastiengasse 18) ab 11:15 Uhr statt.<\/p>\n<p>Der Erl\u00f6s dient f\u00fcr den Betrieb des im Dezember 2018 neu er\u00f6ffneten Sprachlabors mit 30 Pl\u00e4tzen. Daher bitten wir viele K\u00f6chinnen und K\u00f6che, uns mit ein paar k\u00f6stlichen Speisen zu unterst\u00fctzen. Ebenso suchen wir Helfer und laden m\u00f6glichst viele Leute ein, zu uns ins Gemeindezentrum zu kommen.<\/p>\n<p>Meldungen bitte an <span style=\"color: #3366ff;\"><em>Christa und Wolfgang M\u00f6stl<\/em><\/span> (Tel.0699\/10886198<\/p>\n","protected":false},"excerpt":{"rendered":"<p>Am 7. April findet der Suppensonntag f\u00fcr Madurantakam, S\u00fcdindien im Gemeindezentrum (Bastiengasse 18) ab 11:15 Uhr statt. Der Erl\u00f6s dient f\u00fcr den Betrieb des im Dezember 2018 neu er\u00f6ffneten Sprachlabors mit 30 Pl\u00e4tzen. Daher bitten wir viele K\u00f6chinnen und K\u00f6che, uns mit ein paar k\u00f6stlichen Speisen zu unterst\u00fctzen. Ebenso suchen wir Helfer und laden m\u00f6glichst [&hellip;]<\/p>\n","protected":false},"author":2,"featured_media":0,"comment_status":"open","ping_status":"open","sticky":false,"template":"","format":"standard","meta":{"ngg_post_thumbnail":0,"footnotes":""},"categories":[7],"tags":[],"class_list":{"0":"post-5643","1":"post","2":"type-post","3":"status-publish","4":"format-standard","6":"category-archiv"},"publishpress_future_action":{"enabled":false,"date":"2026-05-08 11:26:34","action":"category","newStatus":"draft","terms":[],"taxonomy":"category","extraData":[]},"publishpress_future_workflow_manual_trigger":{"enabledWorkflows":[]},"_links":{"self":[{"href":"https:\/\/www.pfarregersthof.at\/komm\/wp-json\/wp\/v2\/posts\/5643","targetHints":{"allow":["GET"]}}],"collection":[{"href":"https:\/\/www.pfarregersthof.at\/komm\/wp-json\/wp\/v2\/posts"}],"about":[{"href":"https:\/\/www.pfarregersthof.at\/komm\/wp-json\/wp\/v2\/types\/post"}],"author":[{"embeddable":true,"href":"https:\/\/www.pfarregersthof.at\/komm\/wp-json\/wp\/v2\/users\/2"}],"replies":[{"embeddable":true,"href":"https:\/\/www.pfarregersthof.at\/komm\/wp-json\/wp\/v2\/comments?post=5643"}],"version-history":[{"count":1,"href":"https:\/\/www.pfarregersthof.at\/komm\/wp-json\/wp\/v2\/posts\/5643\/revisions"}],"predecessor-version":[{"id":5644,"href":"https:\/\/www.pfarregersthof.at\/komm\/wp-json\/wp\/v2\/posts\/5643\/revisions\/5644"}],"wp:attachment":[{"href":"https:\/\/www.pfarregersthof.at\/komm\/wp-json\/wp\/v2\/media?parent=5643"}],"wp:term":[{"taxonomy":"category","embeddable":true,"href":"https:\/\/www.pfarregersthof.at\/komm\/wp-json\/wp\/v2\/categories?post=5643"},{"taxonomy":"post_tag","embeddable":true,"href":"https:\/\/www.pfarregersthof.at\/komm\/wp-json\/wp\/v2\/tags?post=5643"}],"curies":[{"name":"wp","href":"https:\/\/api.w.org\/{rel}","templated":true}]}}