{"id":5648,"date":"2019-04-14T14:12:59","date_gmt":"2019-04-14T13:12:59","guid":{"rendered":"https:\/\/www.pfarregersthof.at\/komm\/?p=5648"},"modified":"2019-04-29T13:05:13","modified_gmt":"2019-04-29T12:05:13","slug":"weisser-sonntag-mit-neugetauften-28-4","status":"publish","type":"post","link":"https:\/\/www.pfarregersthof.at\/komm\/2019\/04\/weisser-sonntag-mit-neugetauften-28-4\/","title":{"rendered":"Wei\u00dfer Sonntag mit Neugetauften (28.4.)"},"content":{"rendered":"<p>Der Wei\u00dfe Sonntag, 28. April, hat seit vielen Jahren in unserer Gemeinde die Tradition einer Einladung an Neugetaufte und ihre Familien. Auch heuer wird es wieder so sein! Auch unsere Kommunionkinder mit ihren Familien sind zu dieser Feier herzlich eingeladen. Wir freuen uns auf das gemeinsame Feiern! Als Prediger d\u00fcrfen wir em. Univ. Prof Dr. Paul M. Zulehner in unserer Mitte begr\u00fc\u00dfen!<\/p>\n<p><span style=\"color: #3366ff;\"><em>Gerda Winner<\/em><\/span><\/p>\n<p>P.S. Ein gro\u00dfes Dankesch\u00f6n an Frau Theres Schriefl f\u00fcr das N\u00e4hen der Taufkleider und Frau Mag. Ilse M\u00fchlbacher<br \/>\nf\u00fcr die k\u00fcnstlerische Gestaltung unserer Kleider.<\/p>\n","protected":false},"excerpt":{"rendered":"<p>Der Wei\u00dfe Sonntag, 28. April, hat seit vielen Jahren in unserer Gemeinde die Tradition einer Einladung an Neugetaufte und ihre Familien. Auch heuer wird es wieder so sein! Auch unsere Kommunionkinder mit ihren Familien sind zu dieser Feier herzlich eingeladen. Wir freuen uns auf das gemeinsame Feiern! Als Prediger d\u00fcrfen wir em. Univ. Prof Dr. [&hellip;]<\/p>\n","protected":false},"author":2,"featured_media":0,"comment_status":"open","ping_status":"open","sticky":false,"template":"","format":"standard","meta":{"ngg_post_thumbnail":0,"footnotes":""},"categories":[7],"tags":[],"class_list":{"0":"post-5648","1":"post","2":"type-post","3":"status-publish","4":"format-standard","6":"category-archiv"},"publishpress_future_action":{"enabled":false,"date":"2026-05-08 21:46:40","action":"category","newStatus":"draft","terms":[],"taxonomy":"category","extraData":[]},"publishpress_future_workflow_manual_trigger":{"enabledWorkflows":[]},"_links":{"self":[{"href":"https:\/\/www.pfarregersthof.at\/komm\/wp-json\/wp\/v2\/posts\/5648","targetHints":{"allow":["GET"]}}],"collection":[{"href":"https:\/\/www.pfarregersthof.at\/komm\/wp-json\/wp\/v2\/posts"}],"about":[{"href":"https:\/\/www.pfarregersthof.at\/komm\/wp-json\/wp\/v2\/types\/post"}],"author":[{"embeddable":true,"href":"https:\/\/www.pfarregersthof.at\/komm\/wp-json\/wp\/v2\/users\/2"}],"replies":[{"embeddable":true,"href":"https:\/\/www.pfarregersthof.at\/komm\/wp-json\/wp\/v2\/comments?post=5648"}],"version-history":[{"count":1,"href":"https:\/\/www.pfarregersthof.at\/komm\/wp-json\/wp\/v2\/posts\/5648\/revisions"}],"predecessor-version":[{"id":5649,"href":"https:\/\/www.pfarregersthof.at\/komm\/wp-json\/wp\/v2\/posts\/5648\/revisions\/5649"}],"wp:attachment":[{"href":"https:\/\/www.pfarregersthof.at\/komm\/wp-json\/wp\/v2\/media?parent=5648"}],"wp:term":[{"taxonomy":"category","embeddable":true,"href":"https:\/\/www.pfarregersthof.at\/komm\/wp-json\/wp\/v2\/categories?post=5648"},{"taxonomy":"post_tag","embeddable":true,"href":"https:\/\/www.pfarregersthof.at\/komm\/wp-json\/wp\/v2\/tags?post=5648"}],"curies":[{"name":"wp","href":"https:\/\/api.w.org\/{rel}","templated":true}]}}