{"id":5650,"date":"2019-04-14T14:22:17","date_gmt":"2019-04-14T13:22:17","guid":{"rendered":"https:\/\/www.pfarregersthof.at\/komm\/?p=5650"},"modified":"2019-04-22T17:24:21","modified_gmt":"2019-04-22T16:24:21","slug":"karwoche-und-ostern-2","status":"publish","type":"post","link":"https:\/\/www.pfarregersthof.at\/komm\/2019\/04\/karwoche-und-ostern-2\/","title":{"rendered":"Karwoche und Ostern"},"content":{"rendered":"<p>Kreuz und leeres Grab sind die wesentlichen Zeichen der Karwoche vom Palmsonntag auf das Osterfest hin.<a href=\"https:\/\/www.pfarregersthof.at\/komm\/wp-content\/uploads\/2019\/04\/Osterbild2019a.png\"><img loading=\"lazy\" decoding=\"async\" class=\"alignright size-thumbnail wp-image-5651\" src=\"https:\/\/www.pfarregersthof.at\/komm\/wp-content\/uploads\/2019\/04\/Osterbild2019a-150x150.png\" alt=\"\" width=\"150\" height=\"150\" srcset=\"https:\/\/www.pfarregersthof.at\/komm\/wp-content\/uploads\/2019\/04\/Osterbild2019a-150x150.png 150w, https:\/\/www.pfarregersthof.at\/komm\/wp-content\/uploads\/2019\/04\/Osterbild2019a-300x300.png 300w, https:\/\/www.pfarregersthof.at\/komm\/wp-content\/uploads\/2019\/04\/Osterbild2019a-50x50.png 50w, https:\/\/www.pfarregersthof.at\/komm\/wp-content\/uploads\/2019\/04\/Osterbild2019a.png 714w\" sizes=\"auto, (max-width: 150px) 100vw, 150px\" \/><\/a><\/p>\n<p><span style=\"font-size: 8pt;\">Verwendet Abk\u00fcrzungen f\u00fcr Orte:<br \/>\n<\/span><span style=\"font-size: 8pt;\">PfK: Pfarrkirche, Bischof Faber Platz<\/span><br \/>\n<span style=\"font-size: 8pt;\">OK: Osterkapelle, in der PfK<\/span><br \/>\n<span style=\"font-size: 8pt;\">JKp: Jugendkapelle, in der PfK<\/span><br \/>\n<span style=\"font-size: 8pt;\">GZ: Gemeindezentrum, Bastiengasse 18<\/span><br \/>\n<span style=\"font-size: 8pt;\">JuKe: Jugendkeller, im GZ<\/span><br \/>\n<span style=\"font-size: 8pt;\">PfH: Pfarrhaus, Bischof Faber-Platz 7<\/span><br \/>\n<span style=\"font-size: 8pt;\">JNK: Johannes Nepomuk Kapelle, Gersthofers<\/span>tra\u00dfe 129<\/p>\n<p><strong>Sonntag, 14.4. &#8211; Palmsonntag<\/strong><br \/>\n(Sammelkasten von Spenden f\u00fcr das Hl. Land)<br \/>\n9.30 &#8211; Erndtgasse\/Ferrogasse: Statio \u2013 Palmprozession<br \/>\n10.00 PfK: Gottesdienst mit Allegro Vivace<br \/>\n11.00 GZ: Pfarrkaffee zugunsten Patenkinder von Kaplan Suresh<br \/>\n18.00-19.00 PfK: Anbetung<\/p>\n<p><strong>Donnerstag, 18.4. &#8211; Gr\u00fcndonnerstag<\/strong><br \/>\n17.00 GZ: Wort-Gottes-Feier mit Hand- oder Fu\u00dfwaschung an Kindern<br \/>\n19.00 PfK: Gottesdienst vom Letzten Abendmahl mit Fu\u00dfwaschung (Musikalische Mit-Gestaltung: Kantorei)<br \/>\nanschlie\u00dfend PfK: \u201e\u00d6lbergstunde\u201c, GZ: Agape<\/p>\n<p><strong>Freitag, 19.4. \u2013 Karfreitag<\/strong><br \/>\n8.00 &amp; 12.00 PfK: Gebet<br \/>\n8.30 PfK: Blumenschmuck f\u00fcr Ostern<br \/>\n12.00 GZ: Reisessen (bis 13.00 Uhr)<br \/>\n15.00 PfK\/OK: Liturgie f\u00fcr Kinder<br \/>\n15.00 PfK: Liturgie zum Karfreitag<\/p>\n<p><strong>Samstag, 20.4. &#8211; Karsamstag<\/strong><br \/>\n8.00 &amp; 12.00 PfK: Gebet<\/p>\n<h2>Das Osterfest<\/h2>\n<h3>Leitgedanke: Gott spricht mich an \u2013 zum LEBEN!<\/h3>\n<p><strong>Samstag, 20.4. <\/strong><br \/>\n18.00 PfK: Familienvesper zum Osterfest<br \/>\n21.00 PfK: Lichtfeier &amp; Lesungen aus der Hebr\u00e4ischen Bibel (Altes Testament), mit \u201eSingen in Gemeinschaft\u201c. Bitte bringen Sie zur Feier Wasser mit. Danke!<\/p>\n<p><strong>Sonntag, 21.4. &#8211; Ostersonntag<\/strong><br \/>\n4.15 PfK: Treffpunkt zum Friedhofsgang<br \/>\n4.45 &#8211; Friedhof Gersthof: Mit Gebet und &#8211; Osterlicht &#8211; Gang zu den Gr\u00e4bern<br \/>\n6.00 PfK: Morgenfeier \u2013 musikalische &#8211; Gestaltung \u2013 Familienmusikgruppe,<br \/>\nanschlie\u00dfend Ostereiersuchen<br \/>\nGZ: Fr\u00fchst\u00fcck f\u00fcr alle<br \/>\n9.30 PfK: Festgottesdienst,<br \/>\nanschlie\u00dfend Ostereiersuchen<br \/>\n18.00 PfK: \u00d6kumenische Ostervesper,<br \/>\nanschlie\u00dfend GZ: Agape als Beisammensein<\/p>\n<p><strong>Montag, 2.4. &#8211; Ostermontag<\/strong><br \/>\n9.30 PfK: Gottesdienst<br \/>\n18.30 PfK: Abendliturgie \u2013 f\u00fcr Kinder, Jugendliche, Erwachsene (und alle, die aus den Osterferien heim gekommen sind \u2026)<\/p>\n<p>Freitag, 26.4.<br \/>\n10.00 PfK: Osterfeier f\u00fcr Kindergartenkinder<\/p>\n<p><strong>Sonntag, 28.4. \u2013 Wei\u00dfer Sonntag<\/strong><br \/>\n(Heute ist Pfarrsammlung)<br \/>\n8.30 PfK: Gottesdienst<br \/>\n10.00 PfK: Familien-Gottesdienst mit \u201eSingen in Gemeinschaft\u201c, Einladung an Familien Neugetaufter und an Kommunionfamilien<br \/>\nPredigt: em.UnivProf. Dr. Paul M. Zulehner<br \/>\nanschlie\u00dfend GZ: Pfarrkaffee \u2013 Einladung des Caritasteams<br \/>\n11.30 JNK: Gottesdienst<br \/>\n18.30 PfK: Gottesdienst<\/p>\n<p>&nbsp;<\/p>\n","protected":false},"excerpt":{"rendered":"<p>Kreuz und leeres Grab sind die wesentlichen Zeichen der Karwoche vom Palmsonntag auf das Osterfest hin. Verwendet Abk\u00fcrzungen f\u00fcr Orte: PfK: Pfarrkirche, Bischof Faber Platz OK: Osterkapelle, in der PfK JKp: Jugendkapelle, in der PfK GZ: Gemeindezentrum, Bastiengasse 18 JuKe: Jugendkeller, im GZ PfH: Pfarrhaus, Bischof Faber-Platz 7 JNK: Johannes Nepomuk Kapelle, Gersthoferstra\u00dfe 129 Sonntag, [&hellip;]<\/p>\n","protected":false},"author":2,"featured_media":5651,"comment_status":"open","ping_status":"open","sticky":false,"template":"","format":"standard","meta":{"ngg_post_thumbnail":0,"footnotes":""},"categories":[7],"tags":[],"class_list":{"0":"post-5650","1":"post","2":"type-post","3":"status-publish","4":"format-standard","5":"has-post-thumbnail","7":"category-archiv"},"publishpress_future_action":{"enabled":false,"date":"2026-05-08 22:56:12","action":"category","newStatus":"draft","terms":[],"taxonomy":"category","extraData":[]},"publishpress_future_workflow_manual_trigger":{"enabledWorkflows":[]},"_links":{"self":[{"href":"https:\/\/www.pfarregersthof.at\/komm\/wp-json\/wp\/v2\/posts\/5650","targetHints":{"allow":["GET"]}}],"collection":[{"href":"https:\/\/www.pfarregersthof.at\/komm\/wp-json\/wp\/v2\/posts"}],"about":[{"href":"https:\/\/www.pfarregersthof.at\/komm\/wp-json\/wp\/v2\/types\/post"}],"author":[{"embeddable":true,"href":"https:\/\/www.pfarregersthof.at\/komm\/wp-json\/wp\/v2\/users\/2"}],"replies":[{"embeddable":true,"href":"https:\/\/www.pfarregersthof.at\/komm\/wp-json\/wp\/v2\/comments?post=5650"}],"version-history":[{"count":5,"href":"https:\/\/www.pfarregersthof.at\/komm\/wp-json\/wp\/v2\/posts\/5650\/revisions"}],"predecessor-version":[{"id":5657,"href":"https:\/\/www.pfarregersthof.at\/komm\/wp-json\/wp\/v2\/posts\/5650\/revisions\/5657"}],"wp:featuredmedia":[{"embeddable":true,"href":"https:\/\/www.pfarregersthof.at\/komm\/wp-json\/wp\/v2\/media\/5651"}],"wp:attachment":[{"href":"https:\/\/www.pfarregersthof.at\/komm\/wp-json\/wp\/v2\/media?parent=5650"}],"wp:term":[{"taxonomy":"category","embeddable":true,"href":"https:\/\/www.pfarregersthof.at\/komm\/wp-json\/wp\/v2\/categories?post=5650"},{"taxonomy":"post_tag","embeddable":true,"href":"https:\/\/www.pfarregersthof.at\/komm\/wp-json\/wp\/v2\/tags?post=5650"}],"curies":[{"name":"wp","href":"https:\/\/api.w.org\/{rel}","templated":true}]}}