{"id":5660,"date":"2019-04-14T14:32:34","date_gmt":"2019-04-14T13:32:34","guid":{"rendered":"https:\/\/www.pfarregersthof.at\/komm\/?p=5660"},"modified":"2019-04-22T17:24:02","modified_gmt":"2019-04-22T16:24:02","slug":"fusswaschung-am-gruendonnerstag-18-4","status":"publish","type":"post","link":"https:\/\/www.pfarregersthof.at\/komm\/2019\/04\/fusswaschung-am-gruendonnerstag-18-4\/","title":{"rendered":"Fu\u00dfwaschung am Gr\u00fcndonnerstag (18.4.)"},"content":{"rendered":"<p>Die Fu\u00dfwaschung in der Liturgie am Gr\u00fcndonnerstag ist uns ein wichtiges Zeichen f\u00fcr Gottes heilende Zuwendung und Liebe in Jesus. Wir hoffen auf freiwillige Empf\u00e4ngerinnen und Empf\u00e4nger der Fu\u00dfwaschung, die uns helfen wollen, tiefer in dieses Geheimnis der Hingabe Jesu an uns hinein zu sp\u00fcren.<\/p>\n<p><span style=\"color: #3366ff;\"><em>Susanne Lehne<\/em><\/span> f\u00fcr den PGR-Bereich Liturgie<\/p>\n","protected":false},"excerpt":{"rendered":"<p>Die Fu\u00dfwaschung in der Liturgie am Gr\u00fcndonnerstag ist uns ein wichtiges Zeichen f\u00fcr Gottes heilende Zuwendung und Liebe in Jesus. Wir hoffen auf freiwillige Empf\u00e4ngerinnen und Empf\u00e4nger der Fu\u00dfwaschung, die uns helfen wollen, tiefer in dieses Geheimnis der Hingabe Jesu an uns hinein zu sp\u00fcren. Susanne Lehne f\u00fcr den PGR-Bereich Liturgie<\/p>\n","protected":false},"author":2,"featured_media":0,"comment_status":"open","ping_status":"open","sticky":false,"template":"","format":"standard","meta":{"ngg_post_thumbnail":0,"footnotes":""},"categories":[7],"tags":[],"class_list":{"0":"post-5660","1":"post","2":"type-post","3":"status-publish","4":"format-standard","6":"category-archiv"},"publishpress_future_action":{"enabled":false,"date":"2026-05-09 02:06:10","action":"category","newStatus":"draft","terms":[],"taxonomy":"category","extraData":[]},"publishpress_future_workflow_manual_trigger":{"enabledWorkflows":[]},"_links":{"self":[{"href":"https:\/\/www.pfarregersthof.at\/komm\/wp-json\/wp\/v2\/posts\/5660","targetHints":{"allow":["GET"]}}],"collection":[{"href":"https:\/\/www.pfarregersthof.at\/komm\/wp-json\/wp\/v2\/posts"}],"about":[{"href":"https:\/\/www.pfarregersthof.at\/komm\/wp-json\/wp\/v2\/types\/post"}],"author":[{"embeddable":true,"href":"https:\/\/www.pfarregersthof.at\/komm\/wp-json\/wp\/v2\/users\/2"}],"replies":[{"embeddable":true,"href":"https:\/\/www.pfarregersthof.at\/komm\/wp-json\/wp\/v2\/comments?post=5660"}],"version-history":[{"count":1,"href":"https:\/\/www.pfarregersthof.at\/komm\/wp-json\/wp\/v2\/posts\/5660\/revisions"}],"predecessor-version":[{"id":5661,"href":"https:\/\/www.pfarregersthof.at\/komm\/wp-json\/wp\/v2\/posts\/5660\/revisions\/5661"}],"wp:attachment":[{"href":"https:\/\/www.pfarregersthof.at\/komm\/wp-json\/wp\/v2\/media?parent=5660"}],"wp:term":[{"taxonomy":"category","embeddable":true,"href":"https:\/\/www.pfarregersthof.at\/komm\/wp-json\/wp\/v2\/categories?post=5660"},{"taxonomy":"post_tag","embeddable":true,"href":"https:\/\/www.pfarregersthof.at\/komm\/wp-json\/wp\/v2\/tags?post=5660"}],"curies":[{"name":"wp","href":"https:\/\/api.w.org\/{rel}","templated":true}]}}