{"id":5662,"date":"2019-04-14T14:37:05","date_gmt":"2019-04-14T13:37:05","guid":{"rendered":"https:\/\/www.pfarregersthof.at\/komm\/?p=5662"},"modified":"2019-04-22T17:23:52","modified_gmt":"2019-04-22T16:23:52","slug":"gersthofer-osterkerzen-ab-sofort","status":"publish","type":"post","link":"https:\/\/www.pfarregersthof.at\/komm\/2019\/04\/gersthofer-osterkerzen-ab-sofort\/","title":{"rendered":"Gersthofer Osterkerzen &#8211; ab sofort"},"content":{"rendered":"<p>Osterkerzen 2019 &#8211; Licht ins Dunkel f\u00fcr Menschen in nah und fern<\/p>\n<p><a href=\"https:\/\/www.pfarregersthof.at\/komm\/wp-content\/uploads\/2019\/04\/mwsat-20190414-DSCF1038.jpg\"><img loading=\"lazy\" decoding=\"async\" class=\"alignleft size-thumbnail wp-image-5652\" src=\"https:\/\/www.pfarregersthof.at\/komm\/wp-content\/uploads\/2019\/04\/mwsat-20190414-DSCF1038-150x100.jpg\" alt=\"\" width=\"150\" height=\"100\" srcset=\"https:\/\/www.pfarregersthof.at\/komm\/wp-content\/uploads\/2019\/04\/mwsat-20190414-DSCF1038-150x100.jpg 150w, https:\/\/www.pfarregersthof.at\/komm\/wp-content\/uploads\/2019\/04\/mwsat-20190414-DSCF1038-300x200.jpg 300w, https:\/\/www.pfarregersthof.at\/komm\/wp-content\/uploads\/2019\/04\/mwsat-20190414-DSCF1038-768x512.jpg 768w, https:\/\/www.pfarregersthof.at\/komm\/wp-content\/uploads\/2019\/04\/mwsat-20190414-DSCF1038-800x534.jpg 800w, https:\/\/www.pfarregersthof.at\/komm\/wp-content\/uploads\/2019\/04\/mwsat-20190414-DSCF1038.jpg 1000w\" sizes=\"auto, (max-width: 150px) 100vw, 150px\" \/><\/a>Gro\u00dfe Dankbarkeit f\u00fcr die tatkr\u00e4ftige Hilfe so zahlreichen K\u00fcnstlerInnen, denn es konnten \u00fcber 200 Osterkerzen wundersch\u00f6n verziert werden!<\/p>\n<p>Ab sofort sind sie im Pfarrsekretariat am Bischof-Faber-Platz 7 (Montag bis Mittwoch: 9 bis 11 Uhr) und auch jeweils vor allen liturgischen Feiern der Karwoche im Kirchenvorraum gegen eine Spende von 9 \u20ac (die ganz gro\u00dfen 25\u20ac) zu erwerben. Der Reingewinn dient einem Partnerprojekt der Dreik\u00f6nigsaktion in Kenia<\/p>\n<p><span style=\"color: #3366ff;\"><em>Monika Gamillscheg<\/em><\/span><\/p>\n","protected":false},"excerpt":{"rendered":"<p>Osterkerzen 2019 &#8211; Licht ins Dunkel f\u00fcr Menschen in nah und fern Gro\u00dfe Dankbarkeit f\u00fcr die tatkr\u00e4ftige Hilfe so zahlreichen K\u00fcnstlerInnen, denn es konnten \u00fcber 200 Osterkerzen wundersch\u00f6n verziert werden! Ab sofort sind sie im Pfarrsekretariat am Bischof-Faber-Platz 7 (Montag bis Mittwoch: 9 bis 11 Uhr) und auch jeweils vor allen liturgischen Feiern der Karwoche [&hellip;]<\/p>\n","protected":false},"author":2,"featured_media":5652,"comment_status":"open","ping_status":"open","sticky":false,"template":"","format":"standard","meta":{"ngg_post_thumbnail":0,"footnotes":""},"categories":[7],"tags":[],"class_list":{"0":"post-5662","1":"post","2":"type-post","3":"status-publish","4":"format-standard","5":"has-post-thumbnail","7":"category-archiv"},"publishpress_future_action":{"enabled":false,"date":"2026-05-09 03:31:17","action":"category","newStatus":"draft","terms":[],"taxonomy":"category","extraData":[]},"publishpress_future_workflow_manual_trigger":{"enabledWorkflows":[]},"_links":{"self":[{"href":"https:\/\/www.pfarregersthof.at\/komm\/wp-json\/wp\/v2\/posts\/5662","targetHints":{"allow":["GET"]}}],"collection":[{"href":"https:\/\/www.pfarregersthof.at\/komm\/wp-json\/wp\/v2\/posts"}],"about":[{"href":"https:\/\/www.pfarregersthof.at\/komm\/wp-json\/wp\/v2\/types\/post"}],"author":[{"embeddable":true,"href":"https:\/\/www.pfarregersthof.at\/komm\/wp-json\/wp\/v2\/users\/2"}],"replies":[{"embeddable":true,"href":"https:\/\/www.pfarregersthof.at\/komm\/wp-json\/wp\/v2\/comments?post=5662"}],"version-history":[{"count":1,"href":"https:\/\/www.pfarregersthof.at\/komm\/wp-json\/wp\/v2\/posts\/5662\/revisions"}],"predecessor-version":[{"id":5663,"href":"https:\/\/www.pfarregersthof.at\/komm\/wp-json\/wp\/v2\/posts\/5662\/revisions\/5663"}],"wp:featuredmedia":[{"embeddable":true,"href":"https:\/\/www.pfarregersthof.at\/komm\/wp-json\/wp\/v2\/media\/5652"}],"wp:attachment":[{"href":"https:\/\/www.pfarregersthof.at\/komm\/wp-json\/wp\/v2\/media?parent=5662"}],"wp:term":[{"taxonomy":"category","embeddable":true,"href":"https:\/\/www.pfarregersthof.at\/komm\/wp-json\/wp\/v2\/categories?post=5662"},{"taxonomy":"post_tag","embeddable":true,"href":"https:\/\/www.pfarregersthof.at\/komm\/wp-json\/wp\/v2\/tags?post=5662"}],"curies":[{"name":"wp","href":"https:\/\/api.w.org\/{rel}","templated":true}]}}