{"id":5674,"date":"2019-04-27T19:41:27","date_gmt":"2019-04-27T18:41:27","guid":{"rendered":"https:\/\/www.pfarregersthof.at\/komm\/?p=5674"},"modified":"2019-09-24T13:12:17","modified_gmt":"2019-09-24T12:12:17","slug":"osternacht-im-bild","status":"publish","type":"post","link":"https:\/\/www.pfarregersthof.at\/komm\/2019\/04\/osternacht-im-bild\/","title":{"rendered":"Osternacht im Bild"},"content":{"rendered":"<p>In Gersthof wird das Fest der Auferstehung Jesu von 21 Uhr am Samstagabend bis um etwa 8:30 Uhr am Sonntagmorgen gefeiert.<\/p>\n<p>Den Beginn setzt das Entz\u00fcnden des Osterfeuers und daran der Osterkerze, darauf folgt des Lob des Osterlichts in der Pfarrkirche und anschlie\u00dfend werden f\u00fcnf Lesungen aus dem Alten Testament in Erinnerung gerufen.<br \/>\nWeiter geht es um 4:15 Uhr am Morgen mit dem Gang zum Gersthofer Friedhof, einer Lesung aus dem Alten Testament und einer Besinnung auf die Endlichkeit des Lebens.<br \/>\nDer Abschluss der Osternacht beginnt um 6 Uhr morgens in der Pfarrkirche mit der Eucharistiefeier: Lesungen aus dem Neuen Testament und nach dem Gottesdienst am Abend des Gr\u00fcndonnerstags wird erstmals wieder Brot und Wein gewandelt.<\/p>\n<p>Hier zeigt die Pfarrgemeinde von Gersthof Bilder aus der Osternacht und vom Ostermorgen, vom Exsultet am Abend ist ein Video zu sehen &#8211; und zu h\u00f6ren.<\/p>\n<h3>Das Exsultet<\/h3>\n<p><iframe loading=\"lazy\" src=\"https:\/\/www.youtube.com\/embed\/x2UU266rw3M\" allowfullscreen=\"allowfullscreen\" width=\"560\" height=\"315\" frameborder=\"0\"><\/iframe><\/p>\n<h3>Fotos der Osternacht<\/h3>\n<p>(Auf ein Foto klicken und es wird gro\u00df angezeigt &#8211; dann die weiteren gro\u00df ansehen)<\/p>\nngg_shortcode_0_placeholder\n<h6>Fotos: Michael W. Steidl<\/h6>\n","protected":false},"excerpt":{"rendered":"<p>In Gersthof wird das Fest der Auferstehung Jesu von 21 Uhr am Samstagabend bis um etwa 8:30 Uhr am Sonntagmorgen gefeiert. Den Beginn setzt das Entz\u00fcnden des Osterfeuers und daran der Osterkerze, darauf folgt des Lob des Osterlichts in der Pfarrkirche und anschlie\u00dfend werden f\u00fcnf Lesungen aus dem Alten Testament in Erinnerung gerufen. Weiter geht [&hellip;]<\/p>\n","protected":false},"author":2,"featured_media":5706,"comment_status":"open","ping_status":"open","sticky":false,"template":"","format":"standard","meta":{"ngg_post_thumbnail":0,"footnotes":""},"categories":[7],"tags":[],"class_list":{"0":"post-5674","1":"post","2":"type-post","3":"status-publish","4":"format-standard","5":"has-post-thumbnail","7":"category-archiv"},"publishpress_future_action":{"enabled":false,"date":"2026-05-09 09:20:19","action":"category","newStatus":"draft","terms":[],"taxonomy":"category","extraData":[]},"publishpress_future_workflow_manual_trigger":{"enabledWorkflows":[]},"_links":{"self":[{"href":"https:\/\/www.pfarregersthof.at\/komm\/wp-json\/wp\/v2\/posts\/5674","targetHints":{"allow":["GET"]}}],"collection":[{"href":"https:\/\/www.pfarregersthof.at\/komm\/wp-json\/wp\/v2\/posts"}],"about":[{"href":"https:\/\/www.pfarregersthof.at\/komm\/wp-json\/wp\/v2\/types\/post"}],"author":[{"embeddable":true,"href":"https:\/\/www.pfarregersthof.at\/komm\/wp-json\/wp\/v2\/users\/2"}],"replies":[{"embeddable":true,"href":"https:\/\/www.pfarregersthof.at\/komm\/wp-json\/wp\/v2\/comments?post=5674"}],"version-history":[{"count":3,"href":"https:\/\/www.pfarregersthof.at\/komm\/wp-json\/wp\/v2\/posts\/5674\/revisions"}],"predecessor-version":[{"id":5709,"href":"https:\/\/www.pfarregersthof.at\/komm\/wp-json\/wp\/v2\/posts\/5674\/revisions\/5709"}],"wp:featuredmedia":[{"embeddable":true,"href":"https:\/\/www.pfarregersthof.at\/komm\/wp-json\/wp\/v2\/media\/5706"}],"wp:attachment":[{"href":"https:\/\/www.pfarregersthof.at\/komm\/wp-json\/wp\/v2\/media?parent=5674"}],"wp:term":[{"taxonomy":"category","embeddable":true,"href":"https:\/\/www.pfarregersthof.at\/komm\/wp-json\/wp\/v2\/categories?post=5674"},{"taxonomy":"post_tag","embeddable":true,"href":"https:\/\/www.pfarregersthof.at\/komm\/wp-json\/wp\/v2\/tags?post=5674"}],"curies":[{"name":"wp","href":"https:\/\/api.w.org\/{rel}","templated":true}]}}