{"id":5710,"date":"2019-04-27T20:14:18","date_gmt":"2019-04-27T19:14:18","guid":{"rendered":"https:\/\/www.pfarregersthof.at\/komm\/?p=5710"},"modified":"2019-09-24T13:12:07","modified_gmt":"2019-09-24T12:12:07","slug":"6-gersthofer_innen-mit-stefanusorden-ausgezeichnet","status":"publish","type":"post","link":"https:\/\/www.pfarregersthof.at\/komm\/2019\/04\/6-gersthofer_innen-mit-stefanusorden-ausgezeichnet\/","title":{"rendered":"6 Gersthofer_innen mit Stefanusorden ausgezeichnet"},"content":{"rendered":"<p>Drei Mitarbeiterinnen und drei Mitarbeiter der Pfarre Gersthof waren von Kardinal Christoph Sch\u00f6nborn mit Stefanusorden f\u00fcr ihre Engagement bedankt worden und am 26. April wurden diese Orden von Weihbischof Helmut Kr\u00e4tzl in der Gersthofer Pfarrkirche an f\u00fcnf von ihnen \u00fcberreicht, ein Orden kann krankheitsbedingt erst sp\u00e4ter \u00fcbergeben werden.<\/p>\n<p>Die Ausgezeichneten sind Helga Kneuer, Margarete Krenn, Gerti Schulz, Heinrich Bica, Peter Kucera und Paul Marhofer.<\/p>\n<p>Weihbischof Kr\u00e4tzl hob hervor,&nbsp; dass mit diesen Ausgezeichneten ein gro\u00dfer Bereich von Mitarbeit in einer Pfarrgemeinde hervorgehoben wurde: vom Engagement f\u00fcr die Sch\u00f6pfung, f\u00fcr regelm\u00e4\u00dfige Gebetszeiten, f\u00fcr die W\u00e4sche von Textilien der Pfarrkirche, f\u00fcr intensive \u00f6kumenische Zusammenarbeit im westlichen Wien, f\u00fcr jahrelange leitende Mitarbeit im Pfarrgemeinderat, f\u00fcr Kirche unter arbeitenden Menschen bis zum Sicherstellen des Leuchtens der Lampen in der Pfarrkirche. Da eine lebendige Gemeinde nur von aktiven Menschen in vielen Bereichen lebendig gehalten werde, solle diese Auszeichnung auch eine Einladung an andere Gemeindemitglieder sein, ihre Mitarbeit aufrecht zu erhalten, auch wenn sie nicht immer einfach sei.<\/p>\n<p>Die ausgezeichneten Personen waren vom Pfarrgemeinderat f\u00fcr einen Stefanusorden eingereicht worden.<\/p>\n<h3>Hier noch einige Bilder der Ordensverleihung<\/h3>\n<p>in der Reihenfolge Gerti Schulz, Margarete Krenn, Paul Marhofer, Peter Kucera und Heinrich Bica<\/p>\nngg_shortcode_0_placeholder\n<h6>Fotos: Michael W. Steidl<\/h6>\n<p>&nbsp;<\/p>\n","protected":false},"excerpt":{"rendered":"<p>Drei Mitarbeiterinnen und drei Mitarbeiter der Pfarre Gersthof waren von Kardinal Christoph Sch\u00f6nborn mit Stefanusorden f\u00fcr ihre Engagement bedankt worden und am 26. April wurden diese Orden von Weihbischof Helmut Kr\u00e4tzl in der Gersthofer Pfarrkirche an f\u00fcnf von ihnen \u00fcberreicht, ein Orden kann krankheitsbedingt erst sp\u00e4ter \u00fcbergeben werden. Die Ausgezeichneten sind Helga Kneuer, Margarete Krenn, [&hellip;]<\/p>\n","protected":false},"author":2,"featured_media":5727,"comment_status":"open","ping_status":"open","sticky":false,"template":"","format":"standard","meta":{"ngg_post_thumbnail":0,"footnotes":""},"categories":[7],"tags":[],"class_list":{"0":"post-5710","1":"post","2":"type-post","3":"status-publish","4":"format-standard","5":"has-post-thumbnail","7":"category-archiv"},"publishpress_future_action":{"enabled":false,"date":"2026-05-09 09:38:09","action":"category","newStatus":"draft","terms":[],"taxonomy":"category","extraData":[]},"publishpress_future_workflow_manual_trigger":{"enabledWorkflows":[]},"_links":{"self":[{"href":"https:\/\/www.pfarregersthof.at\/komm\/wp-json\/wp\/v2\/posts\/5710","targetHints":{"allow":["GET"]}}],"collection":[{"href":"https:\/\/www.pfarregersthof.at\/komm\/wp-json\/wp\/v2\/posts"}],"about":[{"href":"https:\/\/www.pfarregersthof.at\/komm\/wp-json\/wp\/v2\/types\/post"}],"author":[{"embeddable":true,"href":"https:\/\/www.pfarregersthof.at\/komm\/wp-json\/wp\/v2\/users\/2"}],"replies":[{"embeddable":true,"href":"https:\/\/www.pfarregersthof.at\/komm\/wp-json\/wp\/v2\/comments?post=5710"}],"version-history":[{"count":3,"href":"https:\/\/www.pfarregersthof.at\/komm\/wp-json\/wp\/v2\/posts\/5710\/revisions"}],"predecessor-version":[{"id":5730,"href":"https:\/\/www.pfarregersthof.at\/komm\/wp-json\/wp\/v2\/posts\/5710\/revisions\/5730"}],"wp:featuredmedia":[{"embeddable":true,"href":"https:\/\/www.pfarregersthof.at\/komm\/wp-json\/wp\/v2\/media\/5727"}],"wp:attachment":[{"href":"https:\/\/www.pfarregersthof.at\/komm\/wp-json\/wp\/v2\/media?parent=5710"}],"wp:term":[{"taxonomy":"category","embeddable":true,"href":"https:\/\/www.pfarregersthof.at\/komm\/wp-json\/wp\/v2\/categories?post=5710"},{"taxonomy":"post_tag","embeddable":true,"href":"https:\/\/www.pfarregersthof.at\/komm\/wp-json\/wp\/v2\/tags?post=5710"}],"curies":[{"name":"wp","href":"https:\/\/api.w.org\/{rel}","templated":true}]}}