{"id":5737,"date":"2019-04-29T13:20:01","date_gmt":"2019-04-29T12:20:01","guid":{"rendered":"https:\/\/www.pfarregersthof.at\/komm\/?p=5737"},"modified":"2019-05-12T15:14:58","modified_gmt":"2019-05-12T14:14:58","slug":"kommunionfest-in-gersthof-11-12-5","status":"publish","type":"post","link":"https:\/\/www.pfarregersthof.at\/komm\/2019\/04\/kommunionfest-in-gersthof-11-12-5\/","title":{"rendered":"Kommunionfest in Gersthof ( 11. + 12.5.)"},"content":{"rendered":"<p>Am 11.und 12. Mai feiern insgesamt 56 Kinder in unserer Pfarre ihr Kommunionfest. Fein, dass so viele Kinder mit ihren Familien hier ein Zuhause \u2013 wenn auch in unregelm\u00e4\u00dfigen Abst\u00e4nden \u2013 gefunden haben.<\/p>\n<p>Bitte begleiten wir als Gemeinde diese Kinder mit ihren Eltern durch unser Gebet.<br \/>\nUnd: Fein, wenn m\u00f6glichst viele von uns eines der beiden Feste mitfeiern werden.<br \/>\n<span style=\"color: #3366ff;\"><em>Gerda Winner<\/em><\/span><\/p>\n","protected":false},"excerpt":{"rendered":"<p>Am 11.und 12. Mai feiern insgesamt 56 Kinder in unserer Pfarre ihr Kommunionfest. Fein, dass so viele Kinder mit ihren Familien hier ein Zuhause \u2013 wenn auch in unregelm\u00e4\u00dfigen Abst\u00e4nden \u2013 gefunden haben. Bitte begleiten wir als Gemeinde diese Kinder mit ihren Eltern durch unser Gebet. Und: Fein, wenn m\u00f6glichst viele von uns eines der [&hellip;]<\/p>\n","protected":false},"author":2,"featured_media":0,"comment_status":"open","ping_status":"open","sticky":false,"template":"","format":"standard","meta":{"ngg_post_thumbnail":0,"footnotes":""},"categories":[7],"tags":[],"class_list":{"0":"post-5737","1":"post","2":"type-post","3":"status-publish","4":"format-standard","6":"category-archiv"},"publishpress_future_action":{"enabled":false,"date":"2026-05-09 12:31:27","action":"category","newStatus":"draft","terms":[],"taxonomy":"category","extraData":[]},"publishpress_future_workflow_manual_trigger":{"enabledWorkflows":[]},"_links":{"self":[{"href":"https:\/\/www.pfarregersthof.at\/komm\/wp-json\/wp\/v2\/posts\/5737","targetHints":{"allow":["GET"]}}],"collection":[{"href":"https:\/\/www.pfarregersthof.at\/komm\/wp-json\/wp\/v2\/posts"}],"about":[{"href":"https:\/\/www.pfarregersthof.at\/komm\/wp-json\/wp\/v2\/types\/post"}],"author":[{"embeddable":true,"href":"https:\/\/www.pfarregersthof.at\/komm\/wp-json\/wp\/v2\/users\/2"}],"replies":[{"embeddable":true,"href":"https:\/\/www.pfarregersthof.at\/komm\/wp-json\/wp\/v2\/comments?post=5737"}],"version-history":[{"count":1,"href":"https:\/\/www.pfarregersthof.at\/komm\/wp-json\/wp\/v2\/posts\/5737\/revisions"}],"predecessor-version":[{"id":5738,"href":"https:\/\/www.pfarregersthof.at\/komm\/wp-json\/wp\/v2\/posts\/5737\/revisions\/5738"}],"wp:attachment":[{"href":"https:\/\/www.pfarregersthof.at\/komm\/wp-json\/wp\/v2\/media?parent=5737"}],"wp:term":[{"taxonomy":"category","embeddable":true,"href":"https:\/\/www.pfarregersthof.at\/komm\/wp-json\/wp\/v2\/categories?post=5737"},{"taxonomy":"post_tag","embeddable":true,"href":"https:\/\/www.pfarregersthof.at\/komm\/wp-json\/wp\/v2\/tags?post=5737"}],"curies":[{"name":"wp","href":"https:\/\/api.w.org\/{rel}","templated":true}]}}