{"id":5739,"date":"2019-04-29T13:22:05","date_gmt":"2019-04-29T12:22:05","guid":{"rendered":"https:\/\/www.pfarregersthof.at\/komm\/?p=5739"},"modified":"2019-05-12T15:14:46","modified_gmt":"2019-05-12T14:14:46","slug":"wallfahrt-der-frauen-8-5","status":"publish","type":"post","link":"https:\/\/www.pfarregersthof.at\/komm\/2019\/04\/wallfahrt-der-frauen-8-5\/","title":{"rendered":"Wallfahrt der Frauen (8.5.)"},"content":{"rendered":"<p>Wir treffen einander zur traditionellen Wallfahrt der Katholischen Frauenbewegung kfb am <strong>Mittwoch, 8.Mai um 14:30 Uhr vor unserer Pfarrkirche<\/strong>.<\/p>\n<p>Nach dem Wallfahrtssegen von Pfarrer Norbert gehen wir zu Fu\u00df zur Pfarrkirche St. Gertrud. (Stra\u00dfenbahnhaltestelle: Kutschkergasse).<br \/>\nDie heilige Messe beginnt dort um 15:00 Uhr.<br \/>\nAnschlie\u00dfend st\u00e4rken wir uns im Caf\u00e9 Wilder Man.<\/p>\n<p><span style=\"color: #3366ff;\"><em>Dorli Schiller-Berg<\/em><\/span> f\u00fcr die kfb<\/p>\n","protected":false},"excerpt":{"rendered":"<p>Wir treffen einander zur traditionellen Wallfahrt der Katholischen Frauenbewegung kfb am Mittwoch, 8.Mai um 14:30 Uhr vor unserer Pfarrkirche. Nach dem Wallfahrtssegen von Pfarrer Norbert gehen wir zu Fu\u00df zur Pfarrkirche St. Gertrud. (Stra\u00dfenbahnhaltestelle: Kutschkergasse). Die heilige Messe beginnt dort um 15:00 Uhr. Anschlie\u00dfend st\u00e4rken wir uns im Caf\u00e9 Wilder Man. Dorli Schiller-Berg f\u00fcr die [&hellip;]<\/p>\n","protected":false},"author":2,"featured_media":0,"comment_status":"open","ping_status":"open","sticky":false,"template":"","format":"standard","meta":{"ngg_post_thumbnail":0,"footnotes":""},"categories":[7],"tags":[],"class_list":{"0":"post-5739","1":"post","2":"type-post","3":"status-publish","4":"format-standard","6":"category-archiv"},"publishpress_future_action":{"enabled":false,"date":"2026-05-09 14:00:12","action":"category","newStatus":"draft","terms":[],"taxonomy":"category","extraData":[]},"publishpress_future_workflow_manual_trigger":{"enabledWorkflows":[]},"_links":{"self":[{"href":"https:\/\/www.pfarregersthof.at\/komm\/wp-json\/wp\/v2\/posts\/5739","targetHints":{"allow":["GET"]}}],"collection":[{"href":"https:\/\/www.pfarregersthof.at\/komm\/wp-json\/wp\/v2\/posts"}],"about":[{"href":"https:\/\/www.pfarregersthof.at\/komm\/wp-json\/wp\/v2\/types\/post"}],"author":[{"embeddable":true,"href":"https:\/\/www.pfarregersthof.at\/komm\/wp-json\/wp\/v2\/users\/2"}],"replies":[{"embeddable":true,"href":"https:\/\/www.pfarregersthof.at\/komm\/wp-json\/wp\/v2\/comments?post=5739"}],"version-history":[{"count":1,"href":"https:\/\/www.pfarregersthof.at\/komm\/wp-json\/wp\/v2\/posts\/5739\/revisions"}],"predecessor-version":[{"id":5740,"href":"https:\/\/www.pfarregersthof.at\/komm\/wp-json\/wp\/v2\/posts\/5739\/revisions\/5740"}],"wp:attachment":[{"href":"https:\/\/www.pfarregersthof.at\/komm\/wp-json\/wp\/v2\/media?parent=5739"}],"wp:term":[{"taxonomy":"category","embeddable":true,"href":"https:\/\/www.pfarregersthof.at\/komm\/wp-json\/wp\/v2\/categories?post=5739"},{"taxonomy":"post_tag","embeddable":true,"href":"https:\/\/www.pfarregersthof.at\/komm\/wp-json\/wp\/v2\/tags?post=5739"}],"curies":[{"name":"wp","href":"https:\/\/api.w.org\/{rel}","templated":true}]}}