{"id":6198,"date":"2019-11-23T13:37:12","date_gmt":"2019-11-23T12:37:12","guid":{"rendered":"https:\/\/www.pfarregersthof.at\/komm\/?p=6198"},"modified":"2020-01-10T15:36:31","modified_gmt":"2020-01-10T14:36:31","slug":"leere-tische-lassen-sich-decken","status":"publish","type":"post","link":"https:\/\/www.pfarregersthof.at\/komm\/2019\/11\/leere-tische-lassen-sich-decken\/","title":{"rendered":"Leere Tische lassen sich decken"},"content":{"rendered":"\n<p><strong>Weihnachten naht<\/strong><strong> &#8211; <\/strong>denn an den Glast\u00fcren unserer Pfarrkirche sind ab 8. November wieder viele Listen mit Namen befestigt. <strong>Heuer zum 19. Mal<\/strong><strong>!<\/strong><\/p>\n<p><a href=\"https:\/\/www.pfarregersthof.at\/komm\/wp-content\/uploads\/2019\/11\/Weihnachtspaketaktion1.jpg\"><img loading=\"lazy\" decoding=\"async\" class=\"aligncenter wp-image-6199\" src=\"https:\/\/www.pfarregersthof.at\/komm\/wp-content\/uploads\/2019\/11\/Weihnachtspaketaktion1-300x204.jpg\" alt=\"\" width=\"500\" height=\"339\" srcset=\"https:\/\/www.pfarregersthof.at\/komm\/wp-content\/uploads\/2019\/11\/Weihnachtspaketaktion1-300x204.jpg 300w, https:\/\/www.pfarregersthof.at\/komm\/wp-content\/uploads\/2019\/11\/Weihnachtspaketaktion1-150x102.jpg 150w, https:\/\/www.pfarregersthof.at\/komm\/wp-content\/uploads\/2019\/11\/Weihnachtspaketaktion1-768x521.jpg 768w, https:\/\/www.pfarregersthof.at\/komm\/wp-content\/uploads\/2019\/11\/Weihnachtspaketaktion1-696x472.jpg 696w, https:\/\/www.pfarregersthof.at\/komm\/wp-content\/uploads\/2019\/11\/Weihnachtspaketaktion1-619x420.jpg 619w, https:\/\/www.pfarregersthof.at\/komm\/wp-content\/uploads\/2019\/11\/Weihnachtspaketaktion1.jpg 781w\" sizes=\"auto, (max-width: 500px) 100vw, 500px\" \/><\/a>Leider sind diese Listen aber auch ein Zeichen daf\u00fcr, wie viele Menschen &#8211; Kinder und Erwachsene &#8211; unsere Hilfe brauchen. F\u00fcr sie es nicht selbstverst\u00e4ndlich ist, dass es &#8222;gedeckte Tische&#8220; gibt! Deshalb bitten wir auch heuer wieder im Namen so vieler um Ihre Hilfe und Spendenbereitschaft. Bei allen Familien und Einzelpersonen handelt es sich um Menschen, denen das Leben bisher nicht viel Gutes beschert hat.<\/p>\n<p>Suchen Sie sich &#8222;Ihre Familie&#8220; oder &#8222;Einzelperson&#8220; aus. Vor oder nach den Gottesdiensten, oder w\u00e4hrend der kirchlichen \u00d6ffnungszeiten haben Sie dazu Gelegenheit.<\/p>\n<p>Die Zusammenstellung Ihres pers\u00f6nlichen Weihnachtspaketes bleibt Ihnen \u00fcberlassen.<\/p>\n<p>Bitte bedenken oder \u00fcberdenken Sie folgendes:<br>Nur die wenigsten hatten in letzter Zeit die M\u00f6glichkeit, in ein Gesch\u00e4ft zu gehen und sich etwas Neues auszusuchen. Die Begeisterung etwas &#8222;selber&#8220; auszusuchen ist wirklich sehr gro\u00df! Zitat aus einem Dankschreiben: &#8222;&#8230;die KlientInnen konnten sich den einen oder anderen Wunsch erf\u00fcllen, der sonst nicht m\u00f6glich w\u00e4re&#8230;&#8220;Ebenso konnten sie ihren Kindern Kleidung kaufen, die sich diese schon so lange gew\u00fcnscht haben&#8230;&#8220;<\/p>\n<p>Dar\u00fcber hinaus machen pers\u00f6nliche Kleinigkeiten, wie S\u00fc\u00dfigkeiten, Kaffee\/Tee, Pflegeprodukte wie Duschgels etc., bzw. altersad\u00e4quates Spielzeug immer Freude.<\/p>\n<p>Wir bitten Sie aber, <strong>keine Lebensmittel, auch nicht in Form von Konserven,<\/strong> zu schenken, daf\u00fcr aber Lebensmittelgutscheine!<\/p>\n<p>Immer gro\u00dfe Freude l\u00f6sen auch diverse Weihnachtsdekorationen aus! H\u00fcbsche Servietten, Kerzen, etc.<\/p>\n<p>Beim Verpacken Ihrer Geschenke bitte denken Sie daran, dass die Beschenkten \u00fcber kein Auto verf\u00fcgen, d.h. sie m\u00fcssen in der Lage sein, die Pakete auch zu tragen! Lieber mehrere kleine, als ein riesengro\u00dfes!<\/p>\n<p>Ganz wichtig: Bitte vergessen Sie nicht, einige pers\u00f6nliche Worte an die Beschenkten zu richten. Gerade diese pers\u00f6nliche Zuwendung bedeutet diesen Menschen sehr, sehr viel!<\/p>\n<p>Sie sehen, die Bandbreite ist sehr gro\u00df und es bleibt Ihrem Einf\u00fchlungsverm\u00f6gen \u00fcberlassen, die richtige Auswahl zu treffen! Und wir sind sicher, dass Sie die richtige treffen werden!<\/p>\n<p><em>Wir werden immer wieder gefragt, ob gut erhaltene Kinderkleidung auch geschenkt werden kann. Nach R\u00fccksprache mit den Caritasorganisationen, die Ihre Geschenke bekommen, bitten wir Sie, davon Abstand zu nehmen. Selbst die passende K\u00f6rpergr\u00f6\u00dfe garantiert nicht, dass das Kleidungsst\u00fcck passt und dann w\u00e4re die Entt\u00e4uschung zu gro\u00df!<\/em><\/p>\n<p><em>Aber die Verantwortlichen der Caritasorganisationen w\u00fcrden sich sehr freuen, wenn sie gut erhaltene Kinderbekleidung erhalten. Bitte \u00fcbergeben Sie uns die, ohne Code, zB. in einem Sack und wir leiten sie an an die einzelnen H\u00e4user weiter, wo die Bewohnerinnen sich etwas aussuchen k\u00f6nnen, was gro\u00dfe Freude bereitet!<\/em><\/p>\n<p><strong>Nun zum Organisatorischen: <\/strong><\/p>\n<p><strong>Suchen Sie sich in den Listen an der Glast\u00fcre der Pfarrkirche Ihre Familie oder Einzelperson aus.<\/strong> Trennen Sie den f\u00fcr Sie bestimmten unteren Abschnitt ab! Es w\u00e4re f\u00fcr uns sehr hilfreich, wenn Sie auf den am Aushang verbleibenden Abschnitt, sofern Sie es m\u00f6chten, Ihren Namen und\/oder Ihre Tel. Nr. vermerken. Dies hilft uns und Ihnen, denn immer wieder geht ein Code verloren oder ein Zettel verschwindet<\/p>\n<p>Bringen Sie Ihre Pakete<br><strong>am Samstag, den <\/strong><strong>7<\/strong><strong>. Dezember 201<\/strong><strong>9<\/strong><strong>, vor oder nach de<\/strong><strong>m<\/strong><strong> G<\/strong><strong>ottesdienst um 18:30 Uhr,<br><\/strong><strong>oder am Sonntag, den <\/strong><strong>8<\/strong><strong>. Dezember 201<\/strong><strong>9<\/strong><strong>, vor oder nach den Gottesdiensten um 8:30, 10:00 und 18:30 Uhr<br>in die Pfarrkirche.<br><\/strong><\/p>\n<p>Bitte halten Sie diese Abgabetermine unbedingt ein, da wir ansonsten Transportprobleme bekommen! Danke!<\/p>\n<p><span style=\"color: #800000;\">Ganz wichtig: Bitte schreiben Sie den Code klar und deutlich auf das Paket. Wenn mehrere Pakete geschenkt werden, dann bitte alle Pakete mit demselben Code versehen.<strong>&nbsp;<\/strong><\/span><\/p>\n<p><strong>Den Gottesdienst als Abschluss dieser Aktion feiern wir in liebgewordener Tradition<\/strong><strong> heuer am 8. Dezember<\/strong> <strong>2019 <\/strong><strong>mit<\/strong> <strong>&nbsp;<\/strong><strong>Msgr. DDr. Michael Landau um 10.00 Uhr!<\/strong><\/p>\n<p>Wir hoffen auf eine rege Beteiligung, um wieder vielen Menschen Freude schenken zu k\u00f6nnen! F\u00fcr R\u00fcckfragen stehen wir gerne unter der Tel.Nr. 0664 54 23 979 zur Verf\u00fcgung.<\/p>\n<p>Vielen herzlichen Dank und alles Liebe,<\/p>\n<p><span style=\"color: #3366ff;\"><em>Maria Kissich<br><\/em><\/span>&nbsp;und das Caritasteam der Pfarre Gersthof<\/p>\n","protected":false},"excerpt":{"rendered":"<p>Weihnachten naht &#8211; denn an den Glast\u00fcren unserer Pfarrkirche sind ab 8. November wieder viele Listen mit Namen befestigt. Heuer zum 19. Mal! Leider sind diese Listen aber auch ein Zeichen daf\u00fcr, wie viele Menschen &#8211; Kinder und Erwachsene &#8211; unsere Hilfe brauchen. F\u00fcr sie es nicht selbstverst\u00e4ndlich ist, dass es &#8222;gedeckte Tische&#8220; gibt! Deshalb [&hellip;]<\/p>\n","protected":false},"author":2,"featured_media":6199,"comment_status":"open","ping_status":"open","sticky":false,"template":"","format":"standard","meta":{"ngg_post_thumbnail":0,"footnotes":""},"categories":[7],"tags":[],"class_list":{"0":"post-6198","1":"post","2":"type-post","3":"status-publish","4":"format-standard","5":"has-post-thumbnail","7":"category-archiv"},"publishpress_future_action":{"enabled":false,"date":"2026-05-09 13:35:20","action":"category","newStatus":"draft","terms":[],"taxonomy":"category","extraData":[]},"publishpress_future_workflow_manual_trigger":{"enabledWorkflows":[]},"_links":{"self":[{"href":"https:\/\/www.pfarregersthof.at\/komm\/wp-json\/wp\/v2\/posts\/6198","targetHints":{"allow":["GET"]}}],"collection":[{"href":"https:\/\/www.pfarregersthof.at\/komm\/wp-json\/wp\/v2\/posts"}],"about":[{"href":"https:\/\/www.pfarregersthof.at\/komm\/wp-json\/wp\/v2\/types\/post"}],"author":[{"embeddable":true,"href":"https:\/\/www.pfarregersthof.at\/komm\/wp-json\/wp\/v2\/users\/2"}],"replies":[{"embeddable":true,"href":"https:\/\/www.pfarregersthof.at\/komm\/wp-json\/wp\/v2\/comments?post=6198"}],"version-history":[{"count":2,"href":"https:\/\/www.pfarregersthof.at\/komm\/wp-json\/wp\/v2\/posts\/6198\/revisions"}],"predecessor-version":[{"id":6201,"href":"https:\/\/www.pfarregersthof.at\/komm\/wp-json\/wp\/v2\/posts\/6198\/revisions\/6201"}],"wp:featuredmedia":[{"embeddable":true,"href":"https:\/\/www.pfarregersthof.at\/komm\/wp-json\/wp\/v2\/media\/6199"}],"wp:attachment":[{"href":"https:\/\/www.pfarregersthof.at\/komm\/wp-json\/wp\/v2\/media?parent=6198"}],"wp:term":[{"taxonomy":"category","embeddable":true,"href":"https:\/\/www.pfarregersthof.at\/komm\/wp-json\/wp\/v2\/categories?post=6198"},{"taxonomy":"post_tag","embeddable":true,"href":"https:\/\/www.pfarregersthof.at\/komm\/wp-json\/wp\/v2\/tags?post=6198"}],"curies":[{"name":"wp","href":"https:\/\/api.w.org\/{rel}","templated":true}]}}