{"id":6206,"date":"2019-11-03T20:11:36","date_gmt":"2019-11-03T19:11:36","guid":{"rendered":"https:\/\/www.pfarregersthof.at\/komm\/?p=6206"},"modified":"2020-01-10T15:34:26","modified_gmt":"2020-01-10T14:34:26","slug":"zukunft-der-pfarre-november","status":"publish","type":"post","link":"https:\/\/www.pfarregersthof.at\/komm\/2019\/11\/zukunft-der-pfarre-november\/","title":{"rendered":"Zukunft der Pfarre &#8211; November"},"content":{"rendered":"\n<p>Die Zukunft der Pfarre ist derzeit ein zentrales Diskussionsthema des Pfarrgemeinderates, in der Gemeinde, aber auch dar\u00fcber hinaus in allen Pfarren des 18. Bezirks.<\/p>\n<p>Finden Sie dazu laufend erg\u00e4nzte Information auf der Webseite <a href=\"\/komm\/pfarre-von-a-z\/information\/zukunft-der-pfarre-gersthof-st-leopold\/\">Zukunft der Pfarre<\/a>.<\/p>\n<p>Der n\u00e4chste Schritte ist f\u00fcr den 29. November vorgesehen, da werden sie Vertreter aller f\u00fcnf Pfarren im Bezirk mit einem Vertreter der Erzdi\u00f6zese Wien zu einem Gespr\u00e4ch \u00fcber den Entscheidungsprozess \u00fcber Pfarrverband oder Pfarre mit Teilgemeinden (Pfarre-Neu) treffen.<\/p>\n","protected":false},"excerpt":{"rendered":"<p>Die Zukunft der Pfarre ist derzeit ein zentrales Diskussionsthema des Pfarrgemeinderates, in der Gemeinde, aber auch dar\u00fcber hinaus in allen Pfarren des 18. Bezirks. Finden Sie dazu laufend erg\u00e4nzte Information auf der Webseite Zukunft der Pfarre. Der n\u00e4chste Schritte ist f\u00fcr den 29. November vorgesehen, da werden sie Vertreter aller f\u00fcnf Pfarren im Bezirk mit [&hellip;]<\/p>\n","protected":false},"author":2,"featured_media":0,"comment_status":"open","ping_status":"open","sticky":false,"template":"","format":"standard","meta":{"ngg_post_thumbnail":0,"footnotes":""},"categories":[7],"tags":[],"class_list":{"0":"post-6206","1":"post","2":"type-post","3":"status-publish","4":"format-standard","6":"category-archiv"},"publishpress_future_action":{"enabled":false,"date":"2026-05-09 15:01:07","action":"category","newStatus":"draft","terms":[],"taxonomy":"category","extraData":[]},"publishpress_future_workflow_manual_trigger":{"enabledWorkflows":[]},"_links":{"self":[{"href":"https:\/\/www.pfarregersthof.at\/komm\/wp-json\/wp\/v2\/posts\/6206","targetHints":{"allow":["GET"]}}],"collection":[{"href":"https:\/\/www.pfarregersthof.at\/komm\/wp-json\/wp\/v2\/posts"}],"about":[{"href":"https:\/\/www.pfarregersthof.at\/komm\/wp-json\/wp\/v2\/types\/post"}],"author":[{"embeddable":true,"href":"https:\/\/www.pfarregersthof.at\/komm\/wp-json\/wp\/v2\/users\/2"}],"replies":[{"embeddable":true,"href":"https:\/\/www.pfarregersthof.at\/komm\/wp-json\/wp\/v2\/comments?post=6206"}],"version-history":[{"count":1,"href":"https:\/\/www.pfarregersthof.at\/komm\/wp-json\/wp\/v2\/posts\/6206\/revisions"}],"predecessor-version":[{"id":6207,"href":"https:\/\/www.pfarregersthof.at\/komm\/wp-json\/wp\/v2\/posts\/6206\/revisions\/6207"}],"wp:attachment":[{"href":"https:\/\/www.pfarregersthof.at\/komm\/wp-json\/wp\/v2\/media?parent=6206"}],"wp:term":[{"taxonomy":"category","embeddable":true,"href":"https:\/\/www.pfarregersthof.at\/komm\/wp-json\/wp\/v2\/categories?post=6206"},{"taxonomy":"post_tag","embeddable":true,"href":"https:\/\/www.pfarregersthof.at\/komm\/wp-json\/wp\/v2\/tags?post=6206"}],"curies":[{"name":"wp","href":"https:\/\/api.w.org\/{rel}","templated":true}]}}