{"id":6244,"date":"2019-11-23T14:54:43","date_gmt":"2019-11-23T13:54:43","guid":{"rendered":"https:\/\/www.pfarregersthof.at\/komm\/?p=6244"},"modified":"2019-12-02T21:29:37","modified_gmt":"2019-12-02T20:29:37","slug":"60plus-fuehrung-maria-am-gestade-28-11","status":"publish","type":"post","link":"https:\/\/www.pfarregersthof.at\/komm\/2019\/11\/60plus-fuehrung-maria-am-gestade-28-11\/","title":{"rendered":"60plus: F\u00fchrung Maria am Gestade (28.11.)"},"content":{"rendered":"\n<p>Liebe Freunde von 60plus und nat\u00fcrlich auch J\u00fcngere!<\/p>\n<p>Die f\u00fcr 28. November 2019 vorgesehene F\u00fchrung durch die Albrecht D\u00fcrer Ausstellung in der Albertina wird aus organisatorischen Gr\u00fcnden auf den 19. Dezember 2019 verschoben und findet in Kombination mit dem zu diesem Termin geplanten \u201ePunschspaziergang\u201c statt (n\u00e4here Details folgen im Dezember).<\/p>\n<p>Am <strong>28.November 2019<\/strong> findet die <strong>F\u00fchrung in und um die Kirche Maria am Gestade<\/strong> (Salvatorgasse 12, 1010 Wien) statt, die f\u00fcr 2020 vorgesehen war. Sie war die traditionelle Kirche der Donauschiffer und z\u00e4hlt gemeinsam mit der Peterskirche und der Ruprechtskirche zu den \u00e4ltesten Kirchen Wiens. <\/p>\n<p><strong>Treffpunkt: ca. 13:45 vor der Kirche<\/strong>, Beginn der F\u00fchrung: 14:00&nbsp; (Dauer ca. 1 1\/2 Stunden)<\/p>\n<p>Bitte um rechtzeitige Anmeldung im <a href=\"\/komm\/pfarre-von-a-z\/information\/kontakt-aufnehmen\/#pfarrsek\">Pfarrsekretariat<\/a>.<\/p>\n<p>Auf einen informativen Tag freut sich<br><span style=\"color: #3366ff;\"><em>Maria Kissich<\/em><\/span> und das Caritasteam<\/p>\n","protected":false},"excerpt":{"rendered":"<p>Liebe Freunde von 60plus und nat\u00fcrlich auch J\u00fcngere! Die f\u00fcr 28. November 2019 vorgesehene F\u00fchrung durch die Albrecht D\u00fcrer Ausstellung in der Albertina wird aus organisatorischen Gr\u00fcnden auf den 19. Dezember 2019 verschoben und findet in Kombination mit dem zu diesem Termin geplanten \u201ePunschspaziergang\u201c statt (n\u00e4here Details folgen im Dezember). Am 28.November 2019 findet die [&hellip;]<\/p>\n","protected":false},"author":2,"featured_media":0,"comment_status":"open","ping_status":"open","sticky":false,"template":"","format":"standard","meta":{"ngg_post_thumbnail":0,"footnotes":""},"categories":[7],"tags":[],"class_list":{"0":"post-6244","1":"post","2":"type-post","3":"status-publish","4":"format-standard","6":"category-archiv"},"publishpress_future_action":{"enabled":false,"date":"2026-05-09 13:53:00","action":"category","newStatus":"draft","terms":[],"taxonomy":"category","extraData":[]},"publishpress_future_workflow_manual_trigger":{"enabledWorkflows":[]},"_links":{"self":[{"href":"https:\/\/www.pfarregersthof.at\/komm\/wp-json\/wp\/v2\/posts\/6244","targetHints":{"allow":["GET"]}}],"collection":[{"href":"https:\/\/www.pfarregersthof.at\/komm\/wp-json\/wp\/v2\/posts"}],"about":[{"href":"https:\/\/www.pfarregersthof.at\/komm\/wp-json\/wp\/v2\/types\/post"}],"author":[{"embeddable":true,"href":"https:\/\/www.pfarregersthof.at\/komm\/wp-json\/wp\/v2\/users\/2"}],"replies":[{"embeddable":true,"href":"https:\/\/www.pfarregersthof.at\/komm\/wp-json\/wp\/v2\/comments?post=6244"}],"version-history":[{"count":1,"href":"https:\/\/www.pfarregersthof.at\/komm\/wp-json\/wp\/v2\/posts\/6244\/revisions"}],"predecessor-version":[{"id":6245,"href":"https:\/\/www.pfarregersthof.at\/komm\/wp-json\/wp\/v2\/posts\/6244\/revisions\/6245"}],"wp:attachment":[{"href":"https:\/\/www.pfarregersthof.at\/komm\/wp-json\/wp\/v2\/media?parent=6244"}],"wp:term":[{"taxonomy":"category","embeddable":true,"href":"https:\/\/www.pfarregersthof.at\/komm\/wp-json\/wp\/v2\/categories?post=6244"},{"taxonomy":"post_tag","embeddable":true,"href":"https:\/\/www.pfarregersthof.at\/komm\/wp-json\/wp\/v2\/tags?post=6244"}],"curies":[{"name":"wp","href":"https:\/\/api.w.org\/{rel}","templated":true}]}}