{"id":6246,"date":"2019-11-23T14:58:01","date_gmt":"2019-11-23T13:58:01","guid":{"rendered":"https:\/\/www.pfarregersthof.at\/komm\/?p=6246"},"modified":"2019-12-02T21:29:22","modified_gmt":"2019-12-02T20:29:22","slug":"kinderbuchausstellung-im-kindergarten-26-11","status":"publish","type":"post","link":"https:\/\/www.pfarregersthof.at\/komm\/2019\/11\/kinderbuchausstellung-im-kindergarten-26-11\/","title":{"rendered":"Kinderbuchausstellung im Kindergarten (26.11.)"},"content":{"rendered":"\n<p>Im Pfarrkindergarten, Wallri\u00dfstra\u00dfe 45, findet wieder eine Kinderbuchausstellung statt: 26.-28. 11.2019 in der Zeit 8:00-16:00 Uhr.<\/p>\n<p>Die B\u00fccher m\u00fcssen bitte gleich bezahlt werden und werden dann in cirka 10 Tagen geliefert. Sie unterst\u00fctzen den Kindergarten mit Ihrem Kauf, denn wir bekommen 10% des Umsatzes als Kinderb\u00fccher.<\/p>\n<p>Wir freuen uns auf Ihr Kommen. <br><span style=\"color: #3366ff;\"><em>Johanna Urban<\/em><\/span> &amp; Team<\/p>\n","protected":false},"excerpt":{"rendered":"<p>Im Pfarrkindergarten, Wallri\u00dfstra\u00dfe 45, findet wieder eine Kinderbuchausstellung statt: 26.-28. 11.2019 in der Zeit 8:00-16:00 Uhr. Die B\u00fccher m\u00fcssen bitte gleich bezahlt werden und werden dann in cirka 10 Tagen geliefert. Sie unterst\u00fctzen den Kindergarten mit Ihrem Kauf, denn wir bekommen 10% des Umsatzes als Kinderb\u00fccher. Wir freuen uns auf Ihr Kommen. Johanna Urban &amp; [&hellip;]<\/p>\n","protected":false},"author":2,"featured_media":0,"comment_status":"open","ping_status":"open","sticky":false,"template":"","format":"standard","meta":{"ngg_post_thumbnail":0,"footnotes":""},"categories":[7],"tags":[],"class_list":{"0":"post-6246","1":"post","2":"type-post","3":"status-publish","4":"format-standard","6":"category-archiv"},"publishpress_future_action":{"enabled":false,"date":"2026-05-09 13:43:07","action":"category","newStatus":"draft","terms":[],"taxonomy":"category","extraData":[]},"publishpress_future_workflow_manual_trigger":{"enabledWorkflows":[]},"_links":{"self":[{"href":"https:\/\/www.pfarregersthof.at\/komm\/wp-json\/wp\/v2\/posts\/6246","targetHints":{"allow":["GET"]}}],"collection":[{"href":"https:\/\/www.pfarregersthof.at\/komm\/wp-json\/wp\/v2\/posts"}],"about":[{"href":"https:\/\/www.pfarregersthof.at\/komm\/wp-json\/wp\/v2\/types\/post"}],"author":[{"embeddable":true,"href":"https:\/\/www.pfarregersthof.at\/komm\/wp-json\/wp\/v2\/users\/2"}],"replies":[{"embeddable":true,"href":"https:\/\/www.pfarregersthof.at\/komm\/wp-json\/wp\/v2\/comments?post=6246"}],"version-history":[{"count":1,"href":"https:\/\/www.pfarregersthof.at\/komm\/wp-json\/wp\/v2\/posts\/6246\/revisions"}],"predecessor-version":[{"id":6247,"href":"https:\/\/www.pfarregersthof.at\/komm\/wp-json\/wp\/v2\/posts\/6246\/revisions\/6247"}],"wp:attachment":[{"href":"https:\/\/www.pfarregersthof.at\/komm\/wp-json\/wp\/v2\/media?parent=6246"}],"wp:term":[{"taxonomy":"category","embeddable":true,"href":"https:\/\/www.pfarregersthof.at\/komm\/wp-json\/wp\/v2\/categories?post=6246"},{"taxonomy":"post_tag","embeddable":true,"href":"https:\/\/www.pfarregersthof.at\/komm\/wp-json\/wp\/v2\/tags?post=6246"}],"curies":[{"name":"wp","href":"https:\/\/api.w.org\/{rel}","templated":true}]}}