{"id":6307,"date":"2019-12-16T11:21:56","date_gmt":"2019-12-16T10:21:56","guid":{"rendered":"https:\/\/www.pfarregersthof.at\/komm\/?p=6307"},"modified":"2020-03-13T12:33:57","modified_gmt":"2020-03-13T11:33:57","slug":"freie-kindergartenplaetze","status":"publish","type":"post","link":"https:\/\/www.pfarregersthof.at\/komm\/2019\/12\/freie-kindergartenplaetze\/","title":{"rendered":"Freie Kindergartenpl\u00e4tze"},"content":{"rendered":"\n<p>In unserem <a href=\"https:\/\/gersthof.nikolausstiftung.at\/unser-haus\/\" target=\"_blank\" rel=\"noopener noreferrer\">Pfarrkindergarten<\/a> sind f\u00fcr September 2020 noch Pl\u00e4tze f\u00fcr Kinder ab drei Jahren frei.<\/p>\n<p>Bitte um Kontaktaufnahme mit der Leiterin Johanna Urban: telefonisch 0664\/889 810 77 oder per E-Mail an <a href=\"mailto:gersthof@nikolausstiftung.at\">gersthof@nikolausstiftung.at <\/a><\/p>\n<p>Wir freuen uns auf Sie.<br>Das Kindergartenteam<\/p>\n","protected":false},"excerpt":{"rendered":"<p>In unserem Pfarrkindergarten sind f\u00fcr September 2020 noch Pl\u00e4tze f\u00fcr Kinder ab drei Jahren frei. Bitte um Kontaktaufnahme mit der Leiterin Johanna Urban: telefonisch 0664\/889 810 77 oder per E-Mail an gersthof@nikolausstiftung.at Wir freuen uns auf Sie.Das Kindergartenteam<\/p>\n","protected":false},"author":2,"featured_media":0,"comment_status":"open","ping_status":"open","sticky":false,"template":"","format":"standard","meta":{"ngg_post_thumbnail":0,"footnotes":""},"categories":[7],"tags":[],"class_list":{"0":"post-6307","1":"post","2":"type-post","3":"status-publish","4":"format-standard","6":"category-archiv"},"publishpress_future_action":{"enabled":false,"date":"2026-05-09 12:07:00","action":"category","newStatus":"draft","terms":[],"taxonomy":"category","extraData":[]},"publishpress_future_workflow_manual_trigger":{"enabledWorkflows":[]},"_links":{"self":[{"href":"https:\/\/www.pfarregersthof.at\/komm\/wp-json\/wp\/v2\/posts\/6307","targetHints":{"allow":["GET"]}}],"collection":[{"href":"https:\/\/www.pfarregersthof.at\/komm\/wp-json\/wp\/v2\/posts"}],"about":[{"href":"https:\/\/www.pfarregersthof.at\/komm\/wp-json\/wp\/v2\/types\/post"}],"author":[{"embeddable":true,"href":"https:\/\/www.pfarregersthof.at\/komm\/wp-json\/wp\/v2\/users\/2"}],"replies":[{"embeddable":true,"href":"https:\/\/www.pfarregersthof.at\/komm\/wp-json\/wp\/v2\/comments?post=6307"}],"version-history":[{"count":1,"href":"https:\/\/www.pfarregersthof.at\/komm\/wp-json\/wp\/v2\/posts\/6307\/revisions"}],"predecessor-version":[{"id":6308,"href":"https:\/\/www.pfarregersthof.at\/komm\/wp-json\/wp\/v2\/posts\/6307\/revisions\/6308"}],"wp:attachment":[{"href":"https:\/\/www.pfarregersthof.at\/komm\/wp-json\/wp\/v2\/media?parent=6307"}],"wp:term":[{"taxonomy":"category","embeddable":true,"href":"https:\/\/www.pfarregersthof.at\/komm\/wp-json\/wp\/v2\/categories?post=6307"},{"taxonomy":"post_tag","embeddable":true,"href":"https:\/\/www.pfarregersthof.at\/komm\/wp-json\/wp\/v2\/tags?post=6307"}],"curies":[{"name":"wp","href":"https:\/\/api.w.org\/{rel}","templated":true}]}}