{"id":6310,"date":"2019-12-16T11:25:37","date_gmt":"2019-12-16T10:25:37","guid":{"rendered":"https:\/\/www.pfarregersthof.at\/komm\/?p=6310"},"modified":"2019-12-19T17:22:03","modified_gmt":"2019-12-19T16:22:03","slug":"60plus-duerer-in-albertina-19-12","status":"publish","type":"post","link":"https:\/\/www.pfarregersthof.at\/komm\/2019\/12\/60plus-duerer-in-albertina-19-12\/","title":{"rendered":"60plus: D\u00fcrer in Albertina (19.12.)"},"content":{"rendered":"\n<p>Liebe Freunde von 60 plus und nat\u00fcrlich auch J\u00fcngere!<\/p>\n<p>Am <strong>19.Dezember<\/strong> findet &#8222;unsere&#8220; F\u00fchrung durch die Albrecht D\u00fcrer Ausstellung statt. In einer einmaligen Jahrhundertschau zeigt die Albertina den Werdegang des herausragenden K\u00fcnstlers. Mit rund 200 Exponaten zeigt sie einen einzigartigen \u00dcberblick seiner Arbeiten. Ein Muss f\u00fcr alle Kunstliebhaber. Nat\u00fcrlich auch mit dem \u201eber\u00fchmtesten Hasen der Welt\u201c.<\/p>\n<p>Beginn der F\u00fchrung: 14:00, <strong>Treffpunkt: ca: 13:45 im Innenhof (Court) der Albertina<\/strong>, gegen\u00fcber den Kassen. Dauer ca. 1 Stunde. <br>Im Anschluss an die F\u00fchrung haben wir noch einen gemeinsamen \u201ePunschspaziergang\u201c in der Innenstadt vorgesehen.<\/p>\n<p>Bitte um rechtzeitige Anmeldung im Pfarrsekretariat. <br>Auf einen informativen Tag freuen sich <br>Maria Kissich und das Caritasteam<\/p>\n","protected":false},"excerpt":{"rendered":"<p>Liebe Freunde von 60 plus und nat\u00fcrlich auch J\u00fcngere! Am 19.Dezember findet &#8222;unsere&#8220; F\u00fchrung durch die Albrecht D\u00fcrer Ausstellung statt. In einer einmaligen Jahrhundertschau zeigt die Albertina den Werdegang des herausragenden K\u00fcnstlers. Mit rund 200 Exponaten zeigt sie einen einzigartigen \u00dcberblick seiner Arbeiten. Ein Muss f\u00fcr alle Kunstliebhaber. Nat\u00fcrlich auch mit dem \u201eber\u00fchmtesten Hasen der [&hellip;]<\/p>\n","protected":false},"author":2,"featured_media":0,"comment_status":"open","ping_status":"open","sticky":false,"template":"","format":"standard","meta":{"ngg_post_thumbnail":0,"footnotes":""},"categories":[7],"tags":[],"class_list":{"0":"post-6310","1":"post","2":"type-post","3":"status-publish","4":"format-standard","6":"category-archiv"},"publishpress_future_action":{"enabled":false,"date":"2026-05-09 12:06:19","action":"category","newStatus":"draft","terms":[],"taxonomy":"category","extraData":[]},"publishpress_future_workflow_manual_trigger":{"enabledWorkflows":[]},"_links":{"self":[{"href":"https:\/\/www.pfarregersthof.at\/komm\/wp-json\/wp\/v2\/posts\/6310","targetHints":{"allow":["GET"]}}],"collection":[{"href":"https:\/\/www.pfarregersthof.at\/komm\/wp-json\/wp\/v2\/posts"}],"about":[{"href":"https:\/\/www.pfarregersthof.at\/komm\/wp-json\/wp\/v2\/types\/post"}],"author":[{"embeddable":true,"href":"https:\/\/www.pfarregersthof.at\/komm\/wp-json\/wp\/v2\/users\/2"}],"replies":[{"embeddable":true,"href":"https:\/\/www.pfarregersthof.at\/komm\/wp-json\/wp\/v2\/comments?post=6310"}],"version-history":[{"count":1,"href":"https:\/\/www.pfarregersthof.at\/komm\/wp-json\/wp\/v2\/posts\/6310\/revisions"}],"predecessor-version":[{"id":6311,"href":"https:\/\/www.pfarregersthof.at\/komm\/wp-json\/wp\/v2\/posts\/6310\/revisions\/6311"}],"wp:attachment":[{"href":"https:\/\/www.pfarregersthof.at\/komm\/wp-json\/wp\/v2\/media?parent=6310"}],"wp:term":[{"taxonomy":"category","embeddable":true,"href":"https:\/\/www.pfarregersthof.at\/komm\/wp-json\/wp\/v2\/categories?post=6310"},{"taxonomy":"post_tag","embeddable":true,"href":"https:\/\/www.pfarregersthof.at\/komm\/wp-json\/wp\/v2\/tags?post=6310"}],"curies":[{"name":"wp","href":"https:\/\/api.w.org\/{rel}","templated":true}]}}