{"id":6320,"date":"2019-12-21T12:34:41","date_gmt":"2019-12-21T11:34:41","guid":{"rendered":"https:\/\/www.pfarregersthof.at\/komm\/?p=6320"},"modified":"2020-03-11T15:30:49","modified_gmt":"2020-03-11T14:30:49","slug":"weihnachten-in-gersthof-2","status":"publish","type":"post","link":"https:\/\/www.pfarregersthof.at\/komm\/2019\/12\/weihnachten-in-gersthof-2\/","title":{"rendered":"Weihnachten in Gersthof"},"content":{"rendered":"\n<h2 style=\"text-align: center;\">Das Weihnachtsevangelium<\/h2>\n<p style=\"text-align: center;\"><strong>Von der Geburt unseres Herrn Jesus Christus<\/strong><\/p>\n<p>Nach der Einheits\u00fcbersetzung 2016, Lukas 2. Kapitel, Verse 1-20<\/p>\n<p>Es geschah aber in jenen Tagen, dass Kaiser Augustus den Befehl erlie\u00df, den ganzen Erdkreis in Steuerlisten einzutragen. Diese Aufzeichnung war die erste; damals war Quirinius Statthalter von Syrien. Da ging jeder in seine Stadt, um sich eintragen zu lassen. So zog auch Josef von der Stadt Nazaret in Galil\u00e4a hinauf nach Jud\u00e4a in die Stadt Davids, die Betlehem hei\u00dft, denn er war aus dem Haus und Geschlecht Davids. Er wollte sich eintragen lassen mit Maria, seiner Verlobten, die ein Kind erwartete. <br>Es geschah, als sie dort waren, da erf\u00fcllten sich die Tage, dass sie geb\u00e4ren sollte, und sie gebar ihren Sohn, den Erstgeborenen.<a href=\"https:\/\/www.pfarregersthof.at\/komm\/wp-content\/uploads\/2013\/11\/PC250035.jpg\"> <img loading=\"lazy\" decoding=\"async\" class=\"alignright size-medium wp-image-2188\" src=\"https:\/\/www.pfarregersthof.at\/komm\/wp-content\/uploads\/2013\/11\/PC250035-300x225.jpg\" alt=\"\" width=\"300\" height=\"225\" srcset=\"https:\/\/www.pfarregersthof.at\/komm\/wp-content\/uploads\/2013\/11\/PC250035-300x225.jpg 300w, https:\/\/www.pfarregersthof.at\/komm\/wp-content\/uploads\/2013\/11\/PC250035-150x113.jpg 150w, https:\/\/www.pfarregersthof.at\/komm\/wp-content\/uploads\/2013\/11\/PC250035-800x600.jpg 800w, https:\/\/www.pfarregersthof.at\/komm\/wp-content\/uploads\/2013\/11\/PC250035-768x576.jpg 768w, https:\/\/www.pfarregersthof.at\/komm\/wp-content\/uploads\/2013\/11\/PC250035.jpg 1000w\" sizes=\"auto, (max-width: 300px) 100vw, 300px\" \/><\/a>Sie wickelte ihn in Windeln und legte ihn in eine Krippe, weil in der Herberge kein Platz f\u00fcr sie war. <br>In dieser Gegend lagerten Hirten auf freiem Feld und hielten Nachtwache bei ihrer Herde. Da trat ein Engel des Herrn zu ihnen und die Herrlichkeit des Herrn umstrahlte sie und sie f\u00fcrchteten sich sehr. Der Engel sagte zu ihnen:<br>\u201eF\u00fcrchtet euch nicht, denn siehe, ich verk\u00fcnde euch eine gro\u00dfe Freude, die dem ganzen Volk zuteilwerden soll: Heute ist euch in der Stadt Davids der Retter geboren; er ist der Christus, der Herr. Und das soll euch als Zeichen dienen: Ihr werdet ein Kind finden, das, in Windeln gewickelt, in einer Krippe liegt.\u201c<br>Und pl\u00f6tzlich war bei dem Engel ein gro\u00dfes himmlisches Heer, das Gott lobte und sprach:<br>\u201eEhre sei Gott in der H\u00f6he und Friede auf Erden den Menschen seines Wohlgefallens.\u201c<br>Und es geschah, als die Engel von ihnen in den Himmel zur\u00fcckgekehrt waren, sagten die Hirten zueinander: \u201eLasst uns nach Betlehem gehen, um das Ereignis zu sehen, das uns der Herr kundgetan hat!\u201c So eilten sie hin und fanden Maria und Josef und das Kind, das in der Krippe lag. Als sie es sahen, erz\u00e4hlten sie von dem Wort, das ihnen \u00fcber dieses Kind gesagt worden war. Und alle, die es h\u00f6rten, staunten \u00fcber das, was ihnen von den Hirten erz\u00e4hlt wurde. Maria aber bewahrte alle diese Worte und erwog sie in ihrem Herzen. Die Hirten kehrten zur\u00fcck, r\u00fchmten Gott und priesen ihn f\u00fcr alles, was sie geh\u00f6rt und gesehen hatten, so wie es ihnen gesagt worden war.<\/p>\n<h5><sub>(Verwendete Abk\u00fcrzungen f\u00fcr Orte am Ende dieser \u00dcbersicht.)<br><\/sub><\/h5>\n<p><strong>Di., 24.12. Heiliger Abend<\/strong><br>9.00 Uhr PfK: Ministrantenprobe<br>10.00 Uhr PfK: Friedenslicht von Betlehem brennt im Vorraum der Pfarrkirche und kann f\u00fcr zu Hause abgeholt werden<br>10.15 Uhr Pensionistenwohnhaus \u201eAn der T\u00fcrkenschanze\u201c: Gottesdienst<br>16.00 Uhr PfK: Wort-Gottes-Feier &#8211; Krippengang &#8211; Wendet sich an Kindern und Familien<br>18.00 Uhr PfK: Gottesdienst &#8222;Am Hl. Abend&#8220; &#8211; Wendet sich an jene die die Christmette nicht mitfeiern k\u00f6nnen<br>23.30 Uhr PfK: Einstimmung zur Christmette \u2013 Musikalische Gestaltung durch Dominik Hellsberg &amp; Freund*innen<\/p>\n<h2>Weihnachtszeit<\/h2>\n<p>Hinweis: bis zum 6. J\u00e4nner ist an Sonn- und Feiertagen nur <strong>ein<\/strong> Gottesdienst um 9:30 Uhr in der Pfarrkirche.<\/p>\n<p><strong>Mi, 25.12. Hochfest der Geburt Jesu Christi<\/strong><br>Gottesdienste:<br>00.00 Uhr Christmette anschl. Vorraum der Kirche: Punsch<br>9.30 Uhr PfK Festgottesdienst<br>11.30 Uhr JNK<\/p>\n<p><strong>Do., 26.12. Festtag des Hl. Stephanus<\/strong><br>9.30 Uhr PfK: Gottesdienst als \u201eWeihnachtshochamt\u201c \u2013 musikalische Gestaltung durch die Kantorei<br>11.30 Uhr JNK: Gottesdienst<\/p>\n<p>Fr., 27.12. Gedenktag des Heiligen Johannes<br>8.00 Uhr PfK\/OK: Gottesdienst<\/p>\n<p>Sa., 28.12. Fest Unschuldige Kinder<br>18.10 Uhr OK: Vesper<br>18.30 Uhr PfK: Gottesdienst am Vorabend<\/p>\n<p><strong>So., 29.12. Fest der Heiligen Familie<\/strong><br>9.30 Uhr PfK: Gemeindegottesdienst<\/p>\n<p>Di., 31.12., Silvester<br>17.00 Uhr, PfK: Jahresschluss-Gottesdienst, Predigt: Mag. Wolfgang Bergmann<\/p>\n<p><strong>Mi., 1.1. Neujahr<\/strong><br>9.30 Uhr PfK: Gottesdienst<br>11.30 Uhr JNK: Gottesdienst<br>18.00-19.30 PfK: Anbetung<\/p>\n<p>Do., 2. &amp; Fr., 3.1.<br>8.00 Uhr PfK\/OK: Gottesdienst<\/p>\n<p>Sa., 4.1.<br>18.00 Uhr Pfk\/OK: Vesper\u2013Abendgebet<br>18.30 Uhr PfK: Gottesdienst am Vorabend<\/p>\n<p><strong>So., 5.1.<\/strong><br>9.30 PfK: Gottesdienst<br>11.30 JNK: Gottesdienst<br>18.10 PfK\/OK: Vesper als Lichtfeier mit Segnung von Wasser, Weihrauch und Kreide<\/p>\n<p><strong>Mo., 6.1. Hochfest Epiphanie &#8211; Erscheinung des Herrn<\/strong><br>9.30Uhr PfK: Gottesdienst<br>11.30 Uhr JNK: Gottesdienst<\/p>\n<p><strong>So.,12.1. Fest der Taufe des Herrn<\/strong><br>Gottesdienste:<br>8.30 Uhr PfK<br>10.00 Uhr Pfk, im GZ: Kinderkirche, danach Pfarrkaffee<br>11.30 JNK<br>18.30 Uhr PfK<\/p>\n<h5><sub>Verwendete Abk\u00fcrzungen f\u00fcr Orte:<\/sub><br><sub>PfK: Pfarrkirche, Bischof Faber Platz<\/sub><br><sub>OK: Osterkapelle, in der PfK<\/sub><br><sub>JKp: Jugendkapelle, in der PfK<\/sub><br><sub>GZ: Gemeindezentrum, Bastiengasse 18<\/sub><br><sub>JuKe: Jugendkeller, im GZ<\/sub><br><sub>PfH: Pfarrhaus, Bischof Faber-Platz 7<\/sub><br><sub>JNK: Johannes Nepomuk Kapelle, Gersthoferstra\u00dfe 129<\/sub><\/h5>\n<p>&nbsp;<\/p>\n","protected":false},"excerpt":{"rendered":"<p>Das Weihnachtsevangelium Von der Geburt unseres Herrn Jesus Christus Nach der Einheits\u00fcbersetzung 2016, Lukas 2. Kapitel, Verse 1-20 Es geschah aber in jenen Tagen, dass Kaiser Augustus den Befehl erlie\u00df, den ganzen Erdkreis in Steuerlisten einzutragen. Diese Aufzeichnung war die erste; damals war Quirinius Statthalter von Syrien. Da ging jeder in seine Stadt, um sich [&hellip;]<\/p>\n","protected":false},"author":2,"featured_media":2189,"comment_status":"open","ping_status":"open","sticky":false,"template":"","format":"standard","meta":{"ngg_post_thumbnail":0,"footnotes":""},"categories":[7],"tags":[],"class_list":{"0":"post-6320","1":"post","2":"type-post","3":"status-publish","4":"format-standard","5":"has-post-thumbnail","7":"category-archiv"},"publishpress_future_action":{"enabled":false,"date":"2026-05-09 12:06:21","action":"category","newStatus":"draft","terms":[],"taxonomy":"category","extraData":[]},"publishpress_future_workflow_manual_trigger":{"enabledWorkflows":[]},"_links":{"self":[{"href":"https:\/\/www.pfarregersthof.at\/komm\/wp-json\/wp\/v2\/posts\/6320","targetHints":{"allow":["GET"]}}],"collection":[{"href":"https:\/\/www.pfarregersthof.at\/komm\/wp-json\/wp\/v2\/posts"}],"about":[{"href":"https:\/\/www.pfarregersthof.at\/komm\/wp-json\/wp\/v2\/types\/post"}],"author":[{"embeddable":true,"href":"https:\/\/www.pfarregersthof.at\/komm\/wp-json\/wp\/v2\/users\/2"}],"replies":[{"embeddable":true,"href":"https:\/\/www.pfarregersthof.at\/komm\/wp-json\/wp\/v2\/comments?post=6320"}],"version-history":[{"count":3,"href":"https:\/\/www.pfarregersthof.at\/komm\/wp-json\/wp\/v2\/posts\/6320\/revisions"}],"predecessor-version":[{"id":6324,"href":"https:\/\/www.pfarregersthof.at\/komm\/wp-json\/wp\/v2\/posts\/6320\/revisions\/6324"}],"wp:featuredmedia":[{"embeddable":true,"href":"https:\/\/www.pfarregersthof.at\/komm\/wp-json\/wp\/v2\/media\/2189"}],"wp:attachment":[{"href":"https:\/\/www.pfarregersthof.at\/komm\/wp-json\/wp\/v2\/media?parent=6320"}],"wp:term":[{"taxonomy":"category","embeddable":true,"href":"https:\/\/www.pfarregersthof.at\/komm\/wp-json\/wp\/v2\/categories?post=6320"},{"taxonomy":"post_tag","embeddable":true,"href":"https:\/\/www.pfarregersthof.at\/komm\/wp-json\/wp\/v2\/tags?post=6320"}],"curies":[{"name":"wp","href":"https:\/\/api.w.org\/{rel}","templated":true}]}}