{"id":6383,"date":"2020-01-18T17:27:03","date_gmt":"2020-01-18T16:27:03","guid":{"rendered":"https:\/\/www.pfarregersthof.at\/komm\/?p=6383"},"modified":"2020-01-20T15:20:07","modified_gmt":"2020-01-20T14:20:07","slug":"videos-zukunft-der-pfarre","status":"publish","type":"post","link":"https:\/\/www.pfarregersthof.at\/komm\/2020\/01\/videos-zukunft-der-pfarre\/","title":{"rendered":"Videos &#8222;Zukunft der Pfarre&#8220;"},"content":{"rendered":"\n<p>Am 17.1.2020 hatte der Pfarrgemeinderat einen Gemeindeabend zum Thema &#8222;Zukunft der Pfarre&#8220; organisiert. Ziel war es, die von der Erzdi\u00f6zese eingebrachten Modelle &#8222;Pfarre mit Teilgemeinden&#8220; und &#8222;Pfarrverband&#8220; mit berichten aus darin aktiven Gemeinden vorzustellen und mit Pfarrer Sch\u00fcller einen Blick auf ein Modell mit mehr Beteiligung von Laien zu werfen.<\/p>\n\n\n\n<p>Der gesamte Abend wurde auf Video aufgenommen, die hier nachgesehen werden k\u00f6nnen &#8211; angezeigt in der chronologischen Reihenfolge.<\/p>\n\n\n\n<figure class=\"wp-block-embed-youtube wp-block-embed is-type-video is-provider-youtube wp-embed-aspect-16-9 wp-has-aspect-ratio\"><div class=\"wp-block-embed__wrapper\">\n<iframe loading=\"lazy\" title=\"Gemeindeabend Zukunft der Pfarre, 17.1. 2020 -- Bernhard Schleser\" width=\"696\" height=\"392\" src=\"https:\/\/www.youtube.com\/embed\/bg3cbJkOrZc?feature=oembed&#038;enablejsapi=1\" frameborder=\"0\" allow=\"accelerometer; autoplay; encrypted-media; gyroscope; picture-in-picture\" allowfullscreen><\/iframe>\n<\/div><figcaption>Bernhard Schleser, Stv. Vorsitzender des Pfarrgemeinderates, berichtet \u00fcber bisherige Aktivit\u00e4ten zum Thema Zukunft der Pfarre<\/figcaption><\/figure>\n\n\n\n<figure class=\"wp-block-embed-youtube wp-block-embed is-type-video is-provider-youtube wp-embed-aspect-16-9 wp-has-aspect-ratio\"><div class=\"wp-block-embed__wrapper\">\n<iframe loading=\"lazy\" title=\"Gemeindeabend Zukunft der Pfarre, 17.1.2020 -- Pfarrer Matthias Felber\" width=\"696\" height=\"392\" src=\"https:\/\/www.youtube.com\/embed\/wr7UQJXDQzE?feature=oembed&#038;enablejsapi=1\" frameborder=\"0\" allow=\"accelerometer; autoplay; encrypted-media; gyroscope; picture-in-picture\" allowfullscreen><\/iframe>\n<\/div><figcaption>Pfarrer Matthias Felber berichtet \u00fcber eine seit 2015 bestehende Pfarre mit Teilgemeinden (13 min)<\/figcaption><\/figure>\n\n\n\n<figure class=\"wp-block-embed-youtube wp-block-embed is-type-video is-provider-youtube wp-embed-aspect-16-9 wp-has-aspect-ratio\"><div class=\"wp-block-embed__wrapper\">\n<iframe loading=\"lazy\" title=\"Gemeindeabend Zukunft der Pfarre, 17.1.2020 -- Charlotte Schillhammer\" width=\"696\" height=\"392\" src=\"https:\/\/www.youtube.com\/embed\/zMaToV2x1x0?feature=oembed&#038;enablejsapi=1\" frameborder=\"0\" allow=\"accelerometer; autoplay; encrypted-media; gyroscope; picture-in-picture\" allowfullscreen><\/iframe>\n<\/div><figcaption>Charlotte Schillhammer berichtet \u00fcber den seit April 2018 bestehenden Pfarrverband Ka(lksburg)Ro(doun)Lie(sing)Be(rgkirche). (11 min)<\/figcaption><\/figure>\n\n\n\n<figure class=\"wp-block-embed-youtube wp-block-embed is-type-video is-provider-youtube wp-embed-aspect-16-9 wp-has-aspect-ratio\"><div class=\"wp-block-embed__wrapper\">\n<iframe loading=\"lazy\" title=\"Gemeindeabend Zukunft der Pfarre, 17.1.2020 -- Pfarrer Helmut Sch\u00fcller\" width=\"696\" height=\"392\" src=\"https:\/\/www.youtube.com\/embed\/-wOfGHFmbBY?feature=oembed&#038;enablejsapi=1\" frameborder=\"0\" allow=\"accelerometer; autoplay; encrypted-media; gyroscope; picture-in-picture\" allowfullscreen><\/iframe>\n<\/div><figcaption>Pfarrer Helmut Sch\u00fcller berichtet \u00fcber ein Modell mit mehr Beteiligung von Laien (12 min)<\/figcaption><\/figure>\n\n\n\n<p><\/p>\n\n\n\n<figure class=\"wp-block-embed-youtube wp-block-embed is-type-video is-provider-youtube wp-embed-aspect-16-9 wp-has-aspect-ratio\"><div class=\"wp-block-embed__wrapper\">\n<iframe loading=\"lazy\" title=\"Gemeindeabend Zukunft der Pfarre, 17.1.2020 -- Diskussion\" width=\"696\" height=\"392\" src=\"https:\/\/www.youtube.com\/embed\/4Iq0qz60_jU?feature=oembed&#038;enablejsapi=1\" frameborder=\"0\" allow=\"accelerometer; autoplay; encrypted-media; gyroscope; picture-in-picture\" allowfullscreen><\/iframe>\n<\/div><figcaption>Diskussion der Teilnehmerinnen und Teilnehmer \u00fcber die Modelle und die Zukunft der Gemeinde<\/figcaption><\/figure>\n\n\n\n<figure class=\"wp-block-embed-youtube wp-block-embed is-type-video is-provider-youtube wp-embed-aspect-16-9 wp-has-aspect-ratio\"><div class=\"wp-block-embed__wrapper\">\n<iframe loading=\"lazy\" title=\"Gemeindeabend Zukunft der Pfarre, 17.1. 2020 -- Pfarrer Norbert Rodt\" width=\"696\" height=\"392\" src=\"https:\/\/www.youtube.com\/embed\/Nzbpl72Mug0?feature=oembed&#038;enablejsapi=1\" frameborder=\"0\" allow=\"accelerometer; autoplay; encrypted-media; gyroscope; picture-in-picture\" allowfullscreen><\/iframe>\n<\/div><figcaption>Pfarrer Norbert Rodt berichtet \u00fcber sein Gespr\u00e4ch mit Kardinal Sch\u00f6nborn \u00fcber seine Zukunft als Pfarrer (3 min)<\/figcaption><\/figure>\n\n\n\n<p><sup>Aufnahme: Clemens Roth<\/sup><br><sup>Schnitt: Michael Steidl<\/sup><\/p>\n","protected":false},"excerpt":{"rendered":"<p>Am 17.1.2020 hatte der Pfarrgemeinderat einen Gemeindeabend zum Thema &#8222;Zukunft der Pfarre&#8220; organisiert. Ziel war es, die von der Erzdi\u00f6zese eingebrachten Modelle &#8222;Pfarre mit Teilgemeinden&#8220; und &#8222;Pfarrverband&#8220; mit berichten aus darin aktiven Gemeinden vorzustellen und mit Pfarrer Sch\u00fcller einen Blick auf ein Modell mit mehr Beteiligung von Laien zu werfen. Der gesamte Abend wurde auf [&hellip;]<\/p>\n","protected":false},"author":2,"featured_media":0,"comment_status":"open","ping_status":"open","sticky":false,"template":"","format":"standard","meta":{"ngg_post_thumbnail":0,"footnotes":""},"categories":[5],"tags":[],"class_list":{"0":"post-6383","1":"post","2":"type-post","3":"status-publish","4":"format-standard","6":"category-was-gewesen-ist"},"publishpress_future_action":{"enabled":false,"date":"2026-05-09 13:35:21","action":"category","newStatus":"draft","terms":[],"taxonomy":"category","extraData":[]},"publishpress_future_workflow_manual_trigger":{"enabledWorkflows":[]},"_links":{"self":[{"href":"https:\/\/www.pfarregersthof.at\/komm\/wp-json\/wp\/v2\/posts\/6383","targetHints":{"allow":["GET"]}}],"collection":[{"href":"https:\/\/www.pfarregersthof.at\/komm\/wp-json\/wp\/v2\/posts"}],"about":[{"href":"https:\/\/www.pfarregersthof.at\/komm\/wp-json\/wp\/v2\/types\/post"}],"author":[{"embeddable":true,"href":"https:\/\/www.pfarregersthof.at\/komm\/wp-json\/wp\/v2\/users\/2"}],"replies":[{"embeddable":true,"href":"https:\/\/www.pfarregersthof.at\/komm\/wp-json\/wp\/v2\/comments?post=6383"}],"version-history":[{"count":7,"href":"https:\/\/www.pfarregersthof.at\/komm\/wp-json\/wp\/v2\/posts\/6383\/revisions"}],"predecessor-version":[{"id":6391,"href":"https:\/\/www.pfarregersthof.at\/komm\/wp-json\/wp\/v2\/posts\/6383\/revisions\/6391"}],"wp:attachment":[{"href":"https:\/\/www.pfarregersthof.at\/komm\/wp-json\/wp\/v2\/media?parent=6383"}],"wp:term":[{"taxonomy":"category","embeddable":true,"href":"https:\/\/www.pfarregersthof.at\/komm\/wp-json\/wp\/v2\/categories?post=6383"},{"taxonomy":"post_tag","embeddable":true,"href":"https:\/\/www.pfarregersthof.at\/komm\/wp-json\/wp\/v2\/tags?post=6383"}],"curies":[{"name":"wp","href":"https:\/\/api.w.org\/{rel}","templated":true}]}}