{"id":6428,"date":"2020-01-31T22:19:25","date_gmt":"2020-01-31T21:19:25","guid":{"rendered":"https:\/\/www.pfarregersthof.at\/komm\/?p=6428"},"modified":"2020-04-17T19:32:28","modified_gmt":"2020-04-17T18:32:28","slug":"norberti-kirtag-am-7-juni","status":"publish","type":"post","link":"https:\/\/www.pfarregersthof.at\/komm\/2020\/01\/norberti-kirtag-am-7-juni\/","title":{"rendered":"Norberti-Kirtag am 7. Juni"},"content":{"rendered":"\n<p>Sonntag, 7. Juni 2020, 10.00 Uhr Festgottesdienst, anschlie0\u00dfend rund um die Kirche Norbertikirtag!<\/p>\n\n\n\n<p>Als Festtagsprediger d\u00fcrfen wir Pr\u00e4lat Mag. Maximilian F\u00fcrnsinn bei uns begr\u00fc\u00dfen \u2013 darauf freuen wir uns sehr!<\/p>\n\n\n\n<p>BITTE merken Sie diesen Termin vor \u2013 Danke!<\/p>\n\n\n","protected":false},"excerpt":{"rendered":"<p>Sonntag, 7. Juni 2020, 10.00 Uhr Festgottesdienst, anschlie0\u00dfend rund um die Kirche Norbertikirtag! Als Festtagsprediger d\u00fcrfen wir Pr\u00e4lat Mag. Maximilian F\u00fcrnsinn bei uns begr\u00fc\u00dfen \u2013 darauf freuen wir uns sehr! BITTE merken Sie diesen Termin vor \u2013 Danke!<\/p>\n","protected":false},"author":2,"featured_media":0,"comment_status":"open","ping_status":"open","sticky":false,"template":"","format":"standard","meta":{"ngg_post_thumbnail":0,"footnotes":""},"categories":[7],"tags":[],"class_list":{"0":"post-6428","1":"post","2":"type-post","3":"status-publish","4":"format-standard","6":"category-archiv"},"publishpress_future_action":{"enabled":false,"date":"2026-05-09 10:35:53","action":"category","newStatus":"draft","terms":[],"taxonomy":"category","extraData":[]},"publishpress_future_workflow_manual_trigger":{"enabledWorkflows":[]},"_links":{"self":[{"href":"https:\/\/www.pfarregersthof.at\/komm\/wp-json\/wp\/v2\/posts\/6428","targetHints":{"allow":["GET"]}}],"collection":[{"href":"https:\/\/www.pfarregersthof.at\/komm\/wp-json\/wp\/v2\/posts"}],"about":[{"href":"https:\/\/www.pfarregersthof.at\/komm\/wp-json\/wp\/v2\/types\/post"}],"author":[{"embeddable":true,"href":"https:\/\/www.pfarregersthof.at\/komm\/wp-json\/wp\/v2\/users\/2"}],"replies":[{"embeddable":true,"href":"https:\/\/www.pfarregersthof.at\/komm\/wp-json\/wp\/v2\/comments?post=6428"}],"version-history":[{"count":1,"href":"https:\/\/www.pfarregersthof.at\/komm\/wp-json\/wp\/v2\/posts\/6428\/revisions"}],"predecessor-version":[{"id":6429,"href":"https:\/\/www.pfarregersthof.at\/komm\/wp-json\/wp\/v2\/posts\/6428\/revisions\/6429"}],"wp:attachment":[{"href":"https:\/\/www.pfarregersthof.at\/komm\/wp-json\/wp\/v2\/media?parent=6428"}],"wp:term":[{"taxonomy":"category","embeddable":true,"href":"https:\/\/www.pfarregersthof.at\/komm\/wp-json\/wp\/v2\/categories?post=6428"},{"taxonomy":"post_tag","embeddable":true,"href":"https:\/\/www.pfarregersthof.at\/komm\/wp-json\/wp\/v2\/tags?post=6428"}],"curies":[{"name":"wp","href":"https:\/\/api.w.org\/{rel}","templated":true}]}}