{"id":6434,"date":"2020-02-15T14:08:58","date_gmt":"2020-02-15T13:08:58","guid":{"rendered":"https:\/\/www.pfarregersthof.at\/komm\/?p=6434"},"modified":"2021-01-09T15:41:02","modified_gmt":"2021-01-09T14:41:02","slug":"liebe-gemeinde","status":"publish","type":"post","link":"https:\/\/www.pfarregersthof.at\/komm\/2020\/02\/liebe-gemeinde\/","title":{"rendered":"Liebe Gemeinde!"},"content":{"rendered":"\n<p>Ich gebe euch hiermit schweren Herzens meinen R\u00fccktritt vom Pfarrgemeinderat bekannt \u2013 mir ist es aus R\u00fccksicht auf meine mentale Gesundheit nicht mehr m\u00f6glich, meine T\u00e4tigkeit im PGR fortzusetzen und ich werde mich wieder auf die Arbeit bei Minis und Jugend konzentrieren. Ich bedanke mich aufrichtig f\u00fcr das Vertrauen, das mir bei der Wahl 2017 zugekommen ist und hoffe auf weitere gute Zusammenarbeit<br><span style=\"color: #3366ff;\"><em>Oliver Zahn<\/em><\/span><\/p>\n","protected":false},"excerpt":{"rendered":"<p>Ich gebe euch hiermit schweren Herzens meinen R\u00fccktritt vom Pfarrgemeinderat bekannt \u2013 mir ist es aus R\u00fccksicht auf meine mentale Gesundheit nicht mehr m\u00f6glich, meine T\u00e4tigkeit im PGR fortzusetzen und ich werde mich wieder auf die Arbeit bei Minis und Jugend konzentrieren. Ich bedanke mich aufrichtig f\u00fcr das Vertrauen, das mir bei der Wahl 2017 [&hellip;]<\/p>\n","protected":false},"author":2,"featured_media":0,"comment_status":"open","ping_status":"open","sticky":false,"template":"","format":"standard","meta":{"ngg_post_thumbnail":0,"footnotes":""},"categories":[7],"tags":[],"class_list":{"0":"post-6434","1":"post","2":"type-post","3":"status-publish","4":"format-standard","6":"category-archiv"},"publishpress_future_action":{"enabled":false,"date":"2026-05-09 10:36:00","action":"category","newStatus":"draft","terms":[],"taxonomy":"category","extraData":[]},"publishpress_future_workflow_manual_trigger":{"enabledWorkflows":[]},"_links":{"self":[{"href":"https:\/\/www.pfarregersthof.at\/komm\/wp-json\/wp\/v2\/posts\/6434","targetHints":{"allow":["GET"]}}],"collection":[{"href":"https:\/\/www.pfarregersthof.at\/komm\/wp-json\/wp\/v2\/posts"}],"about":[{"href":"https:\/\/www.pfarregersthof.at\/komm\/wp-json\/wp\/v2\/types\/post"}],"author":[{"embeddable":true,"href":"https:\/\/www.pfarregersthof.at\/komm\/wp-json\/wp\/v2\/users\/2"}],"replies":[{"embeddable":true,"href":"https:\/\/www.pfarregersthof.at\/komm\/wp-json\/wp\/v2\/comments?post=6434"}],"version-history":[{"count":1,"href":"https:\/\/www.pfarregersthof.at\/komm\/wp-json\/wp\/v2\/posts\/6434\/revisions"}],"predecessor-version":[{"id":6435,"href":"https:\/\/www.pfarregersthof.at\/komm\/wp-json\/wp\/v2\/posts\/6434\/revisions\/6435"}],"wp:attachment":[{"href":"https:\/\/www.pfarregersthof.at\/komm\/wp-json\/wp\/v2\/media?parent=6434"}],"wp:term":[{"taxonomy":"category","embeddable":true,"href":"https:\/\/www.pfarregersthof.at\/komm\/wp-json\/wp\/v2\/categories?post=6434"},{"taxonomy":"post_tag","embeddable":true,"href":"https:\/\/www.pfarregersthof.at\/komm\/wp-json\/wp\/v2\/tags?post=6434"}],"curies":[{"name":"wp","href":"https:\/\/api.w.org\/{rel}","templated":true}]}}