{"id":6438,"date":"2020-02-15T14:23:56","date_gmt":"2020-02-15T13:23:56","guid":{"rendered":"https:\/\/www.pfarregersthof.at\/komm\/?p=6438"},"modified":"2021-01-09T15:40:50","modified_gmt":"2021-01-09T14:40:50","slug":"barrierrefreier-zugang-zur-pfarrkirche-hoffentlich-bald","status":"publish","type":"post","link":"https:\/\/www.pfarregersthof.at\/komm\/2020\/02\/barrierrefreier-zugang-zur-pfarrkirche-hoffentlich-bald\/","title":{"rendered":"Barrierrefreier Zugang zur Pfarrkirche &#8211; hoffentlich bald"},"content":{"rendered":"\n<p><a href=\"https:\/\/www.pfarregersthof.at\/komm\/wp-content\/uploads\/2020\/02\/PfarrkircheGersthofWien18-142.jpg\"><img loading=\"lazy\" decoding=\"async\" class=\"alignright size-medium wp-image-6439\" src=\"https:\/\/www.pfarregersthof.at\/komm\/wp-content\/uploads\/2020\/02\/PfarrkircheGersthofWien18-142-300x200.jpg\" alt=\"\" width=\"300\" height=\"200\" srcset=\"https:\/\/www.pfarregersthof.at\/komm\/wp-content\/uploads\/2020\/02\/PfarrkircheGersthofWien18-142-300x200.jpg 300w, https:\/\/www.pfarregersthof.at\/komm\/wp-content\/uploads\/2020\/02\/PfarrkircheGersthofWien18-142-800x534.jpg 800w, https:\/\/www.pfarregersthof.at\/komm\/wp-content\/uploads\/2020\/02\/PfarrkircheGersthofWien18-142-150x100.jpg 150w, https:\/\/www.pfarregersthof.at\/komm\/wp-content\/uploads\/2020\/02\/PfarrkircheGersthofWien18-142-768x512.jpg 768w, https:\/\/www.pfarregersthof.at\/komm\/wp-content\/uploads\/2020\/02\/PfarrkircheGersthofWien18-142-696x464.jpg 696w, https:\/\/www.pfarregersthof.at\/komm\/wp-content\/uploads\/2020\/02\/PfarrkircheGersthofWien18-142-630x420.jpg 630w, https:\/\/www.pfarregersthof.at\/komm\/wp-content\/uploads\/2020\/02\/PfarrkircheGersthofWien18-142.jpg 1000w\" sizes=\"auto, (max-width: 300px) 100vw, 300px\" \/><\/a>Der Verm\u00f6gensverwaltungsrat (VVR) der Pfarre hat bereits im Oktober 2019 eine Firma mit dem Bau einer Metallrampe <strong>beim linken Seiteneingang der Pfarrkirche<\/strong> (im Foto links) beauftragt.&nbsp;<\/p>\n<p>Leider gab es seither immer wieder Verz\u00f6gerungen durch die absurde \u00f6sterreichische B\u00fcrokratie (zwei Magistratsabteilungen, Bauamt der Erzdi\u00f6zese, Denkmalamt sind beteiligt).&nbsp; Die eingereichten Pl\u00e4ne mussten wegen irgendwelcher Kinkerlitzchen bereits zweimal umgezeichnet und wieder neu eingereicht werden.&nbsp;<\/p>\n<p>Der VVR hofft, dass dieser b\u00fcrokratische H\u00fcrdenlauf jetzt endlich ein Ende nimmt und mit dem Bau demn\u00e4chst begonnen und die Rampe bis zum Sommer fertiggestellt werden kann.<\/p>\n<p><em><span style=\"color: #3366ff;\">Helmut Janota<\/span><br>Stellv. Vorsitzender des VVR Gersthof-St. Leopold&nbsp;<\/em><\/p>\n<p>&nbsp;<\/p>\n<p><sub>Foto: Michael W. Steidl<\/sub><\/p>\n","protected":false},"excerpt":{"rendered":"<p>Der Verm\u00f6gensverwaltungsrat (VVR) der Pfarre hat bereits im Oktober 2019 eine Firma mit dem Bau einer Metallrampe beim linken Seiteneingang der Pfarrkirche (im Foto links) beauftragt.&nbsp; Leider gab es seither immer wieder Verz\u00f6gerungen durch die absurde \u00f6sterreichische B\u00fcrokratie (zwei Magistratsabteilungen, Bauamt der Erzdi\u00f6zese, Denkmalamt sind beteiligt).&nbsp; Die eingereichten Pl\u00e4ne mussten wegen irgendwelcher Kinkerlitzchen bereits zweimal [&hellip;]<\/p>\n","protected":false},"author":2,"featured_media":6439,"comment_status":"open","ping_status":"open","sticky":false,"template":"","format":"standard","meta":{"ngg_post_thumbnail":0,"footnotes":""},"categories":[7],"tags":[],"class_list":{"0":"post-6438","1":"post","2":"type-post","3":"status-publish","4":"format-standard","5":"has-post-thumbnail","7":"category-archiv"},"publishpress_future_action":{"enabled":false,"date":"2026-05-09 12:06:19","action":"category","newStatus":"draft","terms":[],"taxonomy":"category","extraData":[]},"publishpress_future_workflow_manual_trigger":{"enabledWorkflows":[]},"_links":{"self":[{"href":"https:\/\/www.pfarregersthof.at\/komm\/wp-json\/wp\/v2\/posts\/6438","targetHints":{"allow":["GET"]}}],"collection":[{"href":"https:\/\/www.pfarregersthof.at\/komm\/wp-json\/wp\/v2\/posts"}],"about":[{"href":"https:\/\/www.pfarregersthof.at\/komm\/wp-json\/wp\/v2\/types\/post"}],"author":[{"embeddable":true,"href":"https:\/\/www.pfarregersthof.at\/komm\/wp-json\/wp\/v2\/users\/2"}],"replies":[{"embeddable":true,"href":"https:\/\/www.pfarregersthof.at\/komm\/wp-json\/wp\/v2\/comments?post=6438"}],"version-history":[{"count":2,"href":"https:\/\/www.pfarregersthof.at\/komm\/wp-json\/wp\/v2\/posts\/6438\/revisions"}],"predecessor-version":[{"id":6443,"href":"https:\/\/www.pfarregersthof.at\/komm\/wp-json\/wp\/v2\/posts\/6438\/revisions\/6443"}],"wp:featuredmedia":[{"embeddable":true,"href":"https:\/\/www.pfarregersthof.at\/komm\/wp-json\/wp\/v2\/media\/6439"}],"wp:attachment":[{"href":"https:\/\/www.pfarregersthof.at\/komm\/wp-json\/wp\/v2\/media?parent=6438"}],"wp:term":[{"taxonomy":"category","embeddable":true,"href":"https:\/\/www.pfarregersthof.at\/komm\/wp-json\/wp\/v2\/categories?post=6438"},{"taxonomy":"post_tag","embeddable":true,"href":"https:\/\/www.pfarregersthof.at\/komm\/wp-json\/wp\/v2\/tags?post=6438"}],"curies":[{"name":"wp","href":"https:\/\/api.w.org\/{rel}","templated":true}]}}