{"id":6448,"date":"2020-02-24T15:44:37","date_gmt":"2020-02-24T14:44:37","guid":{"rendered":"https:\/\/www.pfarregersthof.at\/komm\/?p=6448"},"modified":"2020-02-27T20:39:18","modified_gmt":"2020-02-27T19:39:18","slug":"60plus-blick-auf-das-rote-wien-27-2","status":"publish","type":"post","link":"https:\/\/www.pfarregersthof.at\/komm\/2020\/02\/60plus-blick-auf-das-rote-wien-27-2\/","title":{"rendered":"60plus:  Blick auf &#8222;Das Rote Wien&#8220; (27.2.)"},"content":{"rendered":"\n<p>Liebe Freunde von 60 plus und nat\u00fcrlich auch J\u00fcngere! &nbsp;<\/p>\n<p>Am Donnerstag, 27.Februar 2020, besuchen wir &nbsp;den Karl-Marx-Hof im 19. Bezirk und die Ausstellung \u201eDas Rote Wien\u201c. Nach einem kurzen Rundgang durch den Hof geht es in die Ausstellung. Dort beginnen wir im Waschsalon Nr. 2, wo im Erdgescho\u00df nach wie vor W\u00e4sche gewaschen wird. Im ersten Stock und im Dachgescho\u00df des denkmalgesch\u00fctzten Geb\u00e4udes erfahren wir alles \u00fcber das Rote Wien der Ersten Republik von 1919 bis 1934\/45.<\/p>\n<p>Beginn der F\u00fchrung: 14:00, Dauer ca. 1,5 Stunden. &nbsp;<strong>Treffpunkt: 13:45 vor dem Bahnhof Heiligenstadt<\/strong> (leicht zu erreichen aus Gersthof mit der S45). Weitere Infos \u00fcber die Ausstellung unter: <a href=\"http:\/\/www.dasrotewien-waschsalon.at\/startseite\">www.dasrotewien-waschsalon.at<\/a>. <br>Im Anschluss daran gem\u00fctlicher Ausklang in einem \u201eCafe\u201c.<\/p>\n<p>Bitte um rechtzeitige Anmeldung (bis 26.02.2020) im <a href=\"\/komm\/pfarre-von-a-z\/information\/kontakt-aufnehmen\/#pfarrsek\">Pfarrsekretariat<\/a>.&nbsp;<\/p>\n<p>Auf einen informativen Tag freut sich<br><span style=\"color: #3366ff;\"><em>Maria Kissich<\/em><\/span> und das Caritasteam<br><br><\/p>\n<p>&nbsp;<\/p>\n<p>&nbsp;<\/p>\n","protected":false},"excerpt":{"rendered":"<p>Liebe Freunde von 60 plus und nat\u00fcrlich auch J\u00fcngere! &nbsp; Am Donnerstag, 27.Februar 2020, besuchen wir &nbsp;den Karl-Marx-Hof im 19. Bezirk und die Ausstellung \u201eDas Rote Wien\u201c. Nach einem kurzen Rundgang durch den Hof geht es in die Ausstellung. Dort beginnen wir im Waschsalon Nr. 2, wo im Erdgescho\u00df nach wie vor W\u00e4sche gewaschen wird. [&hellip;]<\/p>\n","protected":false},"author":2,"featured_media":0,"comment_status":"open","ping_status":"open","sticky":false,"template":"","format":"standard","meta":{"ngg_post_thumbnail":0,"footnotes":""},"categories":[7],"tags":[],"class_list":{"0":"post-6448","1":"post","2":"type-post","3":"status-publish","4":"format-standard","6":"category-archiv"},"publishpress_future_action":{"enabled":false,"date":"2026-05-09 09:19:45","action":"category","newStatus":"draft","terms":[],"taxonomy":"category","extraData":[]},"publishpress_future_workflow_manual_trigger":{"enabledWorkflows":[]},"_links":{"self":[{"href":"https:\/\/www.pfarregersthof.at\/komm\/wp-json\/wp\/v2\/posts\/6448","targetHints":{"allow":["GET"]}}],"collection":[{"href":"https:\/\/www.pfarregersthof.at\/komm\/wp-json\/wp\/v2\/posts"}],"about":[{"href":"https:\/\/www.pfarregersthof.at\/komm\/wp-json\/wp\/v2\/types\/post"}],"author":[{"embeddable":true,"href":"https:\/\/www.pfarregersthof.at\/komm\/wp-json\/wp\/v2\/users\/2"}],"replies":[{"embeddable":true,"href":"https:\/\/www.pfarregersthof.at\/komm\/wp-json\/wp\/v2\/comments?post=6448"}],"version-history":[{"count":2,"href":"https:\/\/www.pfarregersthof.at\/komm\/wp-json\/wp\/v2\/posts\/6448\/revisions"}],"predecessor-version":[{"id":6451,"href":"https:\/\/www.pfarregersthof.at\/komm\/wp-json\/wp\/v2\/posts\/6448\/revisions\/6451"}],"wp:attachment":[{"href":"https:\/\/www.pfarregersthof.at\/komm\/wp-json\/wp\/v2\/media?parent=6448"}],"wp:term":[{"taxonomy":"category","embeddable":true,"href":"https:\/\/www.pfarregersthof.at\/komm\/wp-json\/wp\/v2\/categories?post=6448"},{"taxonomy":"post_tag","embeddable":true,"href":"https:\/\/www.pfarregersthof.at\/komm\/wp-json\/wp\/v2\/tags?post=6448"}],"curies":[{"name":"wp","href":"https:\/\/api.w.org\/{rel}","templated":true}]}}