{"id":6452,"date":"2020-02-24T16:05:55","date_gmt":"2020-02-24T15:05:55","guid":{"rendered":"https:\/\/www.pfarregersthof.at\/komm\/?p=6452"},"modified":"2020-02-24T16:05:58","modified_gmt":"2020-02-24T15:05:58","slug":"rueckblick-firmwochenende","status":"publish","type":"post","link":"https:\/\/www.pfarregersthof.at\/komm\/2020\/02\/rueckblick-firmwochenende\/","title":{"rendered":"R\u00fcckblick Firmwochenende"},"content":{"rendered":"\n<p>Das war unser Firmwochenende, ein kleiner R\u00fcckblick als Information!<\/p>\n<p>Von Freitag, 14., bis Sonntag, 16. Februar, waren fast alle unsere Firmkandidat*innen gemeinsam mit dem Firmteam, zwei jungen Erwachsenen und Pfarrer Norbert im Waldviertel auf Firmwochenende. Unser Glaube, Werte in unserem Leben, Werte als Christ*innen, Sakramente, Gespr\u00e4ch mit Pfarrer Norbert, gemeinsamer Gottesdienst, Gestaltung von Marionetten und Lichtern mit Bibelspr\u00fcchen, Briefe an die Pat*innen, Briefe an den Pfarrer, Zeit f\u00fcr Spa\u00df und Sport und vieles andere stand auf unserem Programm.<\/p>\n<p>Mit der Freude \u00fcber neue Freund*innen, der Gewissheit, dass uns Halt und Liebe geschenkt sind und leicht \u00fcberm\u00fcdet sind alle am Sonntag gut heimgekehrt!<\/p>\n<p><span style=\"color: #3366ff;\"><em>Gerda Winner<\/em><\/span> f\u00fcr das Firmteam<\/p>\n","protected":false},"excerpt":{"rendered":"<p>Das war unser Firmwochenende, ein kleiner R\u00fcckblick als Information! Von Freitag, 14., bis Sonntag, 16. Februar, waren fast alle unsere Firmkandidat*innen gemeinsam mit dem Firmteam, zwei jungen Erwachsenen und Pfarrer Norbert im Waldviertel auf Firmwochenende. Unser Glaube, Werte in unserem Leben, Werte als Christ*innen, Sakramente, Gespr\u00e4ch mit Pfarrer Norbert, gemeinsamer Gottesdienst, Gestaltung von Marionetten und [&hellip;]<\/p>\n","protected":false},"author":2,"featured_media":0,"comment_status":"open","ping_status":"open","sticky":false,"template":"","format":"standard","meta":{"ngg_post_thumbnail":0,"footnotes":""},"categories":[5],"tags":[],"class_list":{"0":"post-6452","1":"post","2":"type-post","3":"status-publish","4":"format-standard","6":"category-was-gewesen-ist"},"publishpress_future_action":{"enabled":false,"date":"2026-05-09 10:35:46","action":"category","newStatus":"draft","terms":[],"taxonomy":"category","extraData":[]},"publishpress_future_workflow_manual_trigger":{"enabledWorkflows":[]},"_links":{"self":[{"href":"https:\/\/www.pfarregersthof.at\/komm\/wp-json\/wp\/v2\/posts\/6452","targetHints":{"allow":["GET"]}}],"collection":[{"href":"https:\/\/www.pfarregersthof.at\/komm\/wp-json\/wp\/v2\/posts"}],"about":[{"href":"https:\/\/www.pfarregersthof.at\/komm\/wp-json\/wp\/v2\/types\/post"}],"author":[{"embeddable":true,"href":"https:\/\/www.pfarregersthof.at\/komm\/wp-json\/wp\/v2\/users\/2"}],"replies":[{"embeddable":true,"href":"https:\/\/www.pfarregersthof.at\/komm\/wp-json\/wp\/v2\/comments?post=6452"}],"version-history":[{"count":1,"href":"https:\/\/www.pfarregersthof.at\/komm\/wp-json\/wp\/v2\/posts\/6452\/revisions"}],"predecessor-version":[{"id":6453,"href":"https:\/\/www.pfarregersthof.at\/komm\/wp-json\/wp\/v2\/posts\/6452\/revisions\/6453"}],"wp:attachment":[{"href":"https:\/\/www.pfarregersthof.at\/komm\/wp-json\/wp\/v2\/media?parent=6452"}],"wp:term":[{"taxonomy":"category","embeddable":true,"href":"https:\/\/www.pfarregersthof.at\/komm\/wp-json\/wp\/v2\/categories?post=6452"},{"taxonomy":"post_tag","embeddable":true,"href":"https:\/\/www.pfarregersthof.at\/komm\/wp-json\/wp\/v2\/tags?post=6452"}],"curies":[{"name":"wp","href":"https:\/\/api.w.org\/{rel}","templated":true}]}}