{"id":6460,"date":"2020-02-29T17:51:22","date_gmt":"2020-02-29T16:51:22","guid":{"rendered":"https:\/\/www.pfarregersthof.at\/komm\/?p=6460"},"modified":"2020-03-08T12:48:35","modified_gmt":"2020-03-08T11:48:35","slug":"grosseltern-kind-segnung-8-3","status":"publish","type":"post","link":"https:\/\/www.pfarregersthof.at\/komm\/2020\/02\/grosseltern-kind-segnung-8-3\/","title":{"rendered":"Gro\u00dfeltern-Kind Segnung (8.3.)"},"content":{"rendered":"\n<p>Schon seit einigen Jahren laden wir Gro\u00dfeltern mit ihren Enkelkindern und Enkelkinder mit ihren Gro\u00dfeltern zum gemeinsamen Gottesdienst ein.<br>Am <strong>Sonntag, 8. M\u00e4rz, um 10.00 Uhr<\/strong> feiern wir gemeinsam in der Pfarrkirche \u2013 feiern Sie mit uns!<\/p>\n<p>Auf das gemeinsame Feiern freuen wir uns <br><span style=\"color: #3366ff;\"><em>Pfr. Norbert, Gerda Winner<\/em><\/span><\/p>\n","protected":false},"excerpt":{"rendered":"<p>Schon seit einigen Jahren laden wir Gro\u00dfeltern mit ihren Enkelkindern und Enkelkinder mit ihren Gro\u00dfeltern zum gemeinsamen Gottesdienst ein.Am Sonntag, 8. M\u00e4rz, um 10.00 Uhr feiern wir gemeinsam in der Pfarrkirche \u2013 feiern Sie mit uns! Auf das gemeinsame Feiern freuen wir uns Pfr. Norbert, Gerda Winner<\/p>\n","protected":false},"author":2,"featured_media":0,"comment_status":"open","ping_status":"open","sticky":false,"template":"","format":"standard","meta":{"ngg_post_thumbnail":0,"footnotes":""},"categories":[7],"tags":[],"class_list":{"0":"post-6460","1":"post","2":"type-post","3":"status-publish","4":"format-standard","6":"category-archiv"},"publishpress_future_action":{"enabled":false,"date":"2026-05-09 09:19:02","action":"category","newStatus":"draft","terms":[],"taxonomy":"category","extraData":[]},"publishpress_future_workflow_manual_trigger":{"enabledWorkflows":[]},"_links":{"self":[{"href":"https:\/\/www.pfarregersthof.at\/komm\/wp-json\/wp\/v2\/posts\/6460","targetHints":{"allow":["GET"]}}],"collection":[{"href":"https:\/\/www.pfarregersthof.at\/komm\/wp-json\/wp\/v2\/posts"}],"about":[{"href":"https:\/\/www.pfarregersthof.at\/komm\/wp-json\/wp\/v2\/types\/post"}],"author":[{"embeddable":true,"href":"https:\/\/www.pfarregersthof.at\/komm\/wp-json\/wp\/v2\/users\/2"}],"replies":[{"embeddable":true,"href":"https:\/\/www.pfarregersthof.at\/komm\/wp-json\/wp\/v2\/comments?post=6460"}],"version-history":[{"count":1,"href":"https:\/\/www.pfarregersthof.at\/komm\/wp-json\/wp\/v2\/posts\/6460\/revisions"}],"predecessor-version":[{"id":6461,"href":"https:\/\/www.pfarregersthof.at\/komm\/wp-json\/wp\/v2\/posts\/6460\/revisions\/6461"}],"wp:attachment":[{"href":"https:\/\/www.pfarregersthof.at\/komm\/wp-json\/wp\/v2\/media?parent=6460"}],"wp:term":[{"taxonomy":"category","embeddable":true,"href":"https:\/\/www.pfarregersthof.at\/komm\/wp-json\/wp\/v2\/categories?post=6460"},{"taxonomy":"post_tag","embeddable":true,"href":"https:\/\/www.pfarregersthof.at\/komm\/wp-json\/wp\/v2\/tags?post=6460"}],"curies":[{"name":"wp","href":"https:\/\/api.w.org\/{rel}","templated":true}]}}