{"id":6464,"date":"2020-02-29T18:01:30","date_gmt":"2020-02-29T17:01:30","guid":{"rendered":"https:\/\/www.pfarregersthof.at\/komm\/?p=6464"},"modified":"2021-01-09T15:37:54","modified_gmt":"2021-01-09T14:37:54","slug":"wir-helfen-kindern-und-sammeln-mach-mit","status":"publish","type":"post","link":"https:\/\/www.pfarregersthof.at\/komm\/2020\/02\/wir-helfen-kindern-und-sammeln-mach-mit\/","title":{"rendered":"Wir helfen Kindern und sammeln &#8211; mach mit!"},"content":{"rendered":"\n<p>Im Rahmen der Kommunionvorbereitung &#8211; Projekt \u201eWir sind f\u00fcr andere da\u201c &#8211; ist die Idee entstanden anderen Kindern zu helfen:<\/p>\n<p>In Bosnien durch das Sammeln von Samens\u00e4ckchen aller Art. So k\u00f6nnen Familien in ihren Beeten Karotten, Erbsen, Salat, \u2026 anbauen. <br>In Rum\u00e4nien\/Moldawien helfen wir mit Zahnb\u00fcrsten und Zahnpasten.<\/p>\n<p>Abgabem\u00f6glichkeit von Samens\u00e4ckchen und Zahnb\u00fcrsten\/Zahnpasta in der Pfarrkirche vor und nach Gottesdiensten und im Pfarrhaus (Bischof Faber Platz 7)!<\/p>\n<p>Vielen Dank im Namen unserer Kommunionkinder! <br><span style=\"color: #3366ff;\"><em>Gerda Winner<\/em><\/span><\/p>\n","protected":false},"excerpt":{"rendered":"<p>Im Rahmen der Kommunionvorbereitung &#8211; Projekt \u201eWir sind f\u00fcr andere da\u201c &#8211; ist die Idee entstanden anderen Kindern zu helfen: In Bosnien durch das Sammeln von Samens\u00e4ckchen aller Art. So k\u00f6nnen Familien in ihren Beeten Karotten, Erbsen, Salat, \u2026 anbauen. In Rum\u00e4nien\/Moldawien helfen wir mit Zahnb\u00fcrsten und Zahnpasten. Abgabem\u00f6glichkeit von Samens\u00e4ckchen und Zahnb\u00fcrsten\/Zahnpasta in der [&hellip;]<\/p>\n","protected":false},"author":2,"featured_media":0,"comment_status":"open","ping_status":"open","sticky":false,"template":"","format":"standard","meta":{"ngg_post_thumbnail":0,"footnotes":""},"categories":[7],"tags":[],"class_list":{"0":"post-6464","1":"post","2":"type-post","3":"status-publish","4":"format-standard","6":"category-archiv"},"publishpress_future_action":{"enabled":false,"date":"2026-05-09 09:19:01","action":"category","newStatus":"draft","terms":[],"taxonomy":"category","extraData":[]},"publishpress_future_workflow_manual_trigger":{"enabledWorkflows":[]},"_links":{"self":[{"href":"https:\/\/www.pfarregersthof.at\/komm\/wp-json\/wp\/v2\/posts\/6464","targetHints":{"allow":["GET"]}}],"collection":[{"href":"https:\/\/www.pfarregersthof.at\/komm\/wp-json\/wp\/v2\/posts"}],"about":[{"href":"https:\/\/www.pfarregersthof.at\/komm\/wp-json\/wp\/v2\/types\/post"}],"author":[{"embeddable":true,"href":"https:\/\/www.pfarregersthof.at\/komm\/wp-json\/wp\/v2\/users\/2"}],"replies":[{"embeddable":true,"href":"https:\/\/www.pfarregersthof.at\/komm\/wp-json\/wp\/v2\/comments?post=6464"}],"version-history":[{"count":1,"href":"https:\/\/www.pfarregersthof.at\/komm\/wp-json\/wp\/v2\/posts\/6464\/revisions"}],"predecessor-version":[{"id":6465,"href":"https:\/\/www.pfarregersthof.at\/komm\/wp-json\/wp\/v2\/posts\/6464\/revisions\/6465"}],"wp:attachment":[{"href":"https:\/\/www.pfarregersthof.at\/komm\/wp-json\/wp\/v2\/media?parent=6464"}],"wp:term":[{"taxonomy":"category","embeddable":true,"href":"https:\/\/www.pfarregersthof.at\/komm\/wp-json\/wp\/v2\/categories?post=6464"},{"taxonomy":"post_tag","embeddable":true,"href":"https:\/\/www.pfarregersthof.at\/komm\/wp-json\/wp\/v2\/tags?post=6464"}],"curies":[{"name":"wp","href":"https:\/\/api.w.org\/{rel}","templated":true}]}}