{"id":6466,"date":"2020-02-29T18:06:03","date_gmt":"2020-02-29T17:06:03","guid":{"rendered":"https:\/\/www.pfarregersthof.at\/komm\/?p=6466"},"modified":"2020-04-17T19:31:46","modified_gmt":"2020-04-17T18:31:46","slug":"kreuzweg-fuer-voruebergehende","status":"publish","type":"post","link":"https:\/\/www.pfarregersthof.at\/komm\/2020\/02\/kreuzweg-fuer-voruebergehende\/","title":{"rendered":"Kreuzweg f\u00fcr Vor\u00fcbergehende"},"content":{"rendered":"\n<p>Kreuzweg hat mit meinem Leben heute zu tun ist der Gedanke des &#8222;Kreuzwegs f\u00fcr Vor\u00fcbergehende&#8220;, der 14 j\u00e4hrige Sch\u00fclerInnen aus Anger beim Gestalten von Bildern und Texten begleitet hat.<\/p>\n<p>Die einzelnen Stationen sind bis Ostern im Gersthofer Pfarrgebiet in Augenh\u00f6he ausgeh\u00e4ngt und laden zu einigen Minuten der Nachdenklichkeit ein. Ein gedruckter Folder mit Plan und Orten aller Stationen liegt im Vorraum der Pfarrkirche auf, eine Liste der Stationen mit Orten kann <a href=\"\/dokus\/KreuzwegFuerVoruebergehende_PfGersthof_2020.pdf\">hier heruntergeladen werden<\/a>. Beides erm\u00f6glicht Interessierten, den ganzen Kreuzweg zusammenh\u00e4ngend zu gehen.<\/p>\n<p>Ein Erlebnis mit Tiefgang, eine Einladung vom <em>Arbeitskreis F.A.N.<\/em><\/p>\n","protected":false},"excerpt":{"rendered":"<p>Kreuzweg hat mit meinem Leben heute zu tun ist der Gedanke des &#8222;Kreuzwegs f\u00fcr Vor\u00fcbergehende&#8220;, der 14 j\u00e4hrige Sch\u00fclerInnen aus Anger beim Gestalten von Bildern und Texten begleitet hat. Die einzelnen Stationen sind bis Ostern im Gersthofer Pfarrgebiet in Augenh\u00f6he ausgeh\u00e4ngt und laden zu einigen Minuten der Nachdenklichkeit ein. Ein gedruckter Folder mit Plan und [&hellip;]<\/p>\n","protected":false},"author":2,"featured_media":0,"comment_status":"open","ping_status":"open","sticky":false,"template":"","format":"standard","meta":{"ngg_post_thumbnail":0,"footnotes":""},"categories":[7],"tags":[],"class_list":{"0":"post-6466","1":"post","2":"type-post","3":"status-publish","4":"format-standard","6":"category-archiv"},"publishpress_future_action":{"enabled":false,"date":"2026-05-09 10:36:00","action":"category","newStatus":"draft","terms":[],"taxonomy":"category","extraData":[]},"publishpress_future_workflow_manual_trigger":{"enabledWorkflows":[]},"_links":{"self":[{"href":"https:\/\/www.pfarregersthof.at\/komm\/wp-json\/wp\/v2\/posts\/6466","targetHints":{"allow":["GET"]}}],"collection":[{"href":"https:\/\/www.pfarregersthof.at\/komm\/wp-json\/wp\/v2\/posts"}],"about":[{"href":"https:\/\/www.pfarregersthof.at\/komm\/wp-json\/wp\/v2\/types\/post"}],"author":[{"embeddable":true,"href":"https:\/\/www.pfarregersthof.at\/komm\/wp-json\/wp\/v2\/users\/2"}],"replies":[{"embeddable":true,"href":"https:\/\/www.pfarregersthof.at\/komm\/wp-json\/wp\/v2\/comments?post=6466"}],"version-history":[{"count":2,"href":"https:\/\/www.pfarregersthof.at\/komm\/wp-json\/wp\/v2\/posts\/6466\/revisions"}],"predecessor-version":[{"id":6478,"href":"https:\/\/www.pfarregersthof.at\/komm\/wp-json\/wp\/v2\/posts\/6466\/revisions\/6478"}],"wp:attachment":[{"href":"https:\/\/www.pfarregersthof.at\/komm\/wp-json\/wp\/v2\/media?parent=6466"}],"wp:term":[{"taxonomy":"category","embeddable":true,"href":"https:\/\/www.pfarregersthof.at\/komm\/wp-json\/wp\/v2\/categories?post=6466"},{"taxonomy":"post_tag","embeddable":true,"href":"https:\/\/www.pfarregersthof.at\/komm\/wp-json\/wp\/v2\/tags?post=6466"}],"curies":[{"name":"wp","href":"https:\/\/api.w.org\/{rel}","templated":true}]}}