{"id":6481,"date":"2020-03-07T17:34:00","date_gmt":"2020-03-07T16:34:00","guid":{"rendered":"https:\/\/www.pfarregersthof.at\/komm\/?p=6481"},"modified":"2020-03-22T17:32:02","modified_gmt":"2020-03-22T16:32:02","slug":"segnung-von-raedern-22-3","status":"publish","type":"post","link":"https:\/\/www.pfarregersthof.at\/komm\/2020\/03\/segnung-von-raedern-22-3\/","title":{"rendered":"Segnung von R\u00e4dern (22.3.)"},"content":{"rendered":"\n<p><span style=\"color: #993300;\">Aufgrund des Einstellens der Gottesdienste in unserer Pfarre wegen des Corona Virus wurde auch diese Segnung am 13.3.2020 abgesagt.<\/span><\/p>\n<p>Eine herzliche Einladung zu \u201eAlles was Radeln hat \u2026\u201c am Sonntag, 22. M\u00e4rz, an Kinder, Jugendliche und Erwachsene, mit uns um 10 Uhr Gottesdienst zu feiern. Anschlie\u00dfend eine Segnung von &#8222;R\u00e4dern&#8220; vor der Kirche: Laufr\u00e4der, Dreir\u00e4der, Tandem, Lastenrad, Rennrad, Rollstuhl, \u2026. Alles ist willkommen!<\/p>\n<p><span style=\"color: #3366ff;\"><em>Pfr. Norbert, Hemma, Gerda<\/em><\/span><\/p>\n","protected":false},"excerpt":{"rendered":"<p>Aufgrund des Einstellens der Gottesdienste in unserer Pfarre wegen des Corona Virus wurde auch diese Segnung am 13.3.2020 abgesagt. Eine herzliche Einladung zu \u201eAlles was Radeln hat \u2026\u201c am Sonntag, 22. M\u00e4rz, an Kinder, Jugendliche und Erwachsene, mit uns um 10 Uhr Gottesdienst zu feiern. Anschlie\u00dfend eine Segnung von &#8222;R\u00e4dern&#8220; vor der Kirche: Laufr\u00e4der, Dreir\u00e4der, [&hellip;]<\/p>\n","protected":false},"author":2,"featured_media":0,"comment_status":"open","ping_status":"open","sticky":false,"template":"","format":"standard","meta":{"ngg_post_thumbnail":0,"footnotes":""},"categories":[7],"tags":[],"class_list":{"0":"post-6481","1":"post","2":"type-post","3":"status-publish","4":"format-standard","6":"category-archiv"},"publishpress_future_action":{"enabled":false,"date":"2026-05-09 09:19:48","action":"category","newStatus":"draft","terms":[],"taxonomy":"category","extraData":[]},"publishpress_future_workflow_manual_trigger":{"enabledWorkflows":[]},"_links":{"self":[{"href":"https:\/\/www.pfarregersthof.at\/komm\/wp-json\/wp\/v2\/posts\/6481","targetHints":{"allow":["GET"]}}],"collection":[{"href":"https:\/\/www.pfarregersthof.at\/komm\/wp-json\/wp\/v2\/posts"}],"about":[{"href":"https:\/\/www.pfarregersthof.at\/komm\/wp-json\/wp\/v2\/types\/post"}],"author":[{"embeddable":true,"href":"https:\/\/www.pfarregersthof.at\/komm\/wp-json\/wp\/v2\/users\/2"}],"replies":[{"embeddable":true,"href":"https:\/\/www.pfarregersthof.at\/komm\/wp-json\/wp\/v2\/comments?post=6481"}],"version-history":[{"count":2,"href":"https:\/\/www.pfarregersthof.at\/komm\/wp-json\/wp\/v2\/posts\/6481\/revisions"}],"predecessor-version":[{"id":6522,"href":"https:\/\/www.pfarregersthof.at\/komm\/wp-json\/wp\/v2\/posts\/6481\/revisions\/6522"}],"wp:attachment":[{"href":"https:\/\/www.pfarregersthof.at\/komm\/wp-json\/wp\/v2\/media?parent=6481"}],"wp:term":[{"taxonomy":"category","embeddable":true,"href":"https:\/\/www.pfarregersthof.at\/komm\/wp-json\/wp\/v2\/categories?post=6481"},{"taxonomy":"post_tag","embeddable":true,"href":"https:\/\/www.pfarregersthof.at\/komm\/wp-json\/wp\/v2\/tags?post=6481"}],"curies":[{"name":"wp","href":"https:\/\/api.w.org\/{rel}","templated":true}]}}