{"id":6498,"date":"2020-03-11T09:44:37","date_gmt":"2020-03-11T08:44:37","guid":{"rendered":"https:\/\/www.pfarregersthof.at\/komm\/?p=6498"},"modified":"2020-03-27T17:13:00","modified_gmt":"2020-03-27T16:13:00","slug":"gottesdienste-in-zeiten-des-corona-virus","status":"publish","type":"post","link":"https:\/\/www.pfarregersthof.at\/komm\/2020\/03\/gottesdienste-in-zeiten-des-corona-virus\/","title":{"rendered":"Gottesdienste in Zeiten des Corona Virus (13.3.)"},"content":{"rendered":"\n<p>Wie in den Nachrichten von Zeitungen, Rundfunk und <a href=\"https:\/\/orf.at\/corona\/stories\/3157292\/\" target=\"_blank\" rel=\"noopener noreferrer\">im Web<\/a> verbreitet, hat die \u00f6sterreichische Regierung Begrenzungen der Teilnehmer an Veranstaltungen im Freien und in Innenr\u00e4umen erlassen. Aufgrund dieser Regelungen hat auch die Erzdi\u00f6zese Wien <a href=\"https:\/\/www.erzdioezese-wien.at\/site\/nachrichtenmagazin\/schwerpunkt\/kircheundcorona\/article\/81105.html\" target=\"_blank\" rel=\"noopener noreferrer\">Regelungen ver\u00f6ffentlicht<\/a>, die in unserer Pfarre Gersthof-St.Leopold wie hier beschrieben umgesetzt werden. <strong>Diese Regelungen gelten ab 11.3.2020 bis auf weiteres<\/strong>, wir informieren Sie im Gersthof gemeinsam und auf <a href=\"https:\/\/www.pfarregersthof.at\/komm\/2020\/03\/gottesdienste-in-zeiten-des-corona-virus\/\">www.pfarregersthof.at<\/a> aktuell dazu.<\/p>\n<p><em>Gottesdienste in geschlossenen R\u00e4umen sind nicht mit mehr als 100 Personen zu feiern<\/em><\/p>\n<ul style=\"list-style-type: square;\">\n<li>Nach k\u00fcrzlich erfolgten Z\u00e4hlungen in unserer Pfarre wird nur <strong>beim Gottesdienst am Sonntag um 10 Uhr<\/strong> diese Zahl \u00fcberschritten. Daher tritt nun diese Regelung in Kraft:<br>** An der Messe <strong>in der Pfarrkirche d\u00fcrfen nur maximal 100 Personen<\/strong> teilnehmen. Wir werden die Personen beim Betreten des Kirchenraumes z\u00e4hlen und beim Erreichen dieser Grenze keine weiteren Zutritte gew\u00e4hren.<br><del>** Als <strong>Alternative<\/strong> dazu wird <strong>gleichzeitig eine Messe im Gemeindezentrum (Bastiengasse 18)<\/strong> gefeiert. Zu diesem Gottesdienst haben <strong>maximal 80 Personen<\/strong> Zutritt.<\/del> &#8211; <span style=\"color: #ff0000;\">Wurde am 13.3. ABGESAGT<\/span><br>** Die <strong>Kinderkirche<\/strong> wird wie bisher im Gemeindezentrum gefeiert werden, hier allerdings <strong>jetzt im Jugendkeller<\/strong>. Nach der Kinderkirche wird es keinen \u00dcbergang in die Feier der Messe in der Pfarrkirche oder im Gemeindezentrum geben.<\/li>\n<li>Es wird auch die <strong>Teilnehmerzahl anderer Gottesdienste beobachtet<\/strong> und allenfalls wird auch bei diesen eine Begrenzung auf maximal 100 Personen eingef\u00fchrt.<\/li>\n<\/ul>\n<p><em>Personen der Corona-Risikogruppe (h\u00f6heres Lebensalter, Vorerkrankungen) werden ermutigt, an Gottesdiensten und anderen Veranstaltungen in der Pfarre eher nicht teilzunehmen um sich so zu sch\u00fctzen.<\/em><\/p>\n<p><em>Der Erzbischof von Wien hat von der Sonntagspflicht dispensiert, sollte aufgrund der Ma\u00dfnahmen eine Teilnahme am Sonntagsgottesdienst nicht m\u00f6glich oder angeraten sein.<\/em><\/p>\n<ul style=\"list-style-type: square;\">\n<li>Wir weisen auf Angebote auf der Website der Erzdi\u00f6zese Wien unter dem Stichwort &#8222;<a href=\"https:\/\/www.erzdioezese-wien.at\/site\/nachrichtenmagazin\/schwerpunkt\/kircheundcorona\/article\/81099.html\" target=\"_blank\" rel=\"noopener noreferrer\">Die Kirche kommt in dein Wohnzimmer<\/a>&#8220; hin. Hier gibt es Empfehlungen, Gottesdienste im Radio oder im Internet zu verfolgen.<\/li>\n<\/ul>\n<p><em>Es wird weiterhin keine Brot-Kommunion in den Mund, sondern nur in die Hand, und keine Kelchkommunion gereicht.<\/em><\/p>\n<p><em>Den Kommunionspender*innen ist die Desinfektion der H\u00e4nde vorgeschrieben.<\/em><\/p>\n<p><em>Beim Friedensgru\u00df sind alle Mitfeiernden aufgerufen, auf einen H\u00e4ndedruck zu verzichten.<\/em><\/p>\n<p><em>Es gibt derzeit kein Weihwasser in den Schalen der Pfarrkirche und der Johannes Nepomuk Kapelle.<\/em><\/p>\n<p><em>Ein besonderes Anliegen ist unserem Erzbischof Christoph und unserem Pfarrer Norbert, im Gebet f\u00fcr alle Kranken und Pflegenden zu bitten. Dar\u00fcber hinaus laden beide dazu ein, auch au\u00dferhalb der Gottesdienstzeiten Kirchen zum pers\u00f6nlichen Gebet aufzusuchen &#8211; der Vorraum der Pfarrkirche bleibt wie bisher von etwa 8 Uhr am Morgen bis etwa 19 Uhr am Abend ge\u00f6ffnet.<\/em><\/p>\n<p>Wir danken f\u00fcr Ihr Verst\u00e4ndnis in einer au\u00dferordentlichen Situation f\u00fcr gemeinsames Leben,<br><span style=\"color: #3366ff;\"><em>Pfarrer Norbert<\/em><\/span> und das Liturgie-Team der Pfarre<\/p>\n","protected":false},"excerpt":{"rendered":"<p>Wie in den Nachrichten von Zeitungen, Rundfunk und im Web verbreitet, hat die \u00f6sterreichische Regierung Begrenzungen der Teilnehmer an Veranstaltungen im Freien und in Innenr\u00e4umen erlassen. Aufgrund dieser Regelungen hat auch die Erzdi\u00f6zese Wien Regelungen ver\u00f6ffentlicht, die in unserer Pfarre Gersthof-St.Leopold wie hier beschrieben umgesetzt werden. Diese Regelungen gelten ab 11.3.2020 bis auf weiteres, wir [&hellip;]<\/p>\n","protected":false},"author":2,"featured_media":6501,"comment_status":"open","ping_status":"open","sticky":false,"template":"","format":"standard","meta":{"ngg_post_thumbnail":0,"footnotes":""},"categories":[7],"tags":[],"class_list":{"0":"post-6498","1":"post","2":"type-post","3":"status-publish","4":"format-standard","5":"has-post-thumbnail","7":"category-archiv"},"publishpress_future_action":{"enabled":false,"date":"2026-05-09 07:45:27","action":"category","newStatus":"draft","terms":[],"taxonomy":"category","extraData":[]},"publishpress_future_workflow_manual_trigger":{"enabledWorkflows":[]},"_links":{"self":[{"href":"https:\/\/www.pfarregersthof.at\/komm\/wp-json\/wp\/v2\/posts\/6498","targetHints":{"allow":["GET"]}}],"collection":[{"href":"https:\/\/www.pfarregersthof.at\/komm\/wp-json\/wp\/v2\/posts"}],"about":[{"href":"https:\/\/www.pfarregersthof.at\/komm\/wp-json\/wp\/v2\/types\/post"}],"author":[{"embeddable":true,"href":"https:\/\/www.pfarregersthof.at\/komm\/wp-json\/wp\/v2\/users\/2"}],"replies":[{"embeddable":true,"href":"https:\/\/www.pfarregersthof.at\/komm\/wp-json\/wp\/v2\/comments?post=6498"}],"version-history":[{"count":5,"href":"https:\/\/www.pfarregersthof.at\/komm\/wp-json\/wp\/v2\/posts\/6498\/revisions"}],"predecessor-version":[{"id":6513,"href":"https:\/\/www.pfarregersthof.at\/komm\/wp-json\/wp\/v2\/posts\/6498\/revisions\/6513"}],"wp:featuredmedia":[{"embeddable":true,"href":"https:\/\/www.pfarregersthof.at\/komm\/wp-json\/wp\/v2\/media\/6501"}],"wp:attachment":[{"href":"https:\/\/www.pfarregersthof.at\/komm\/wp-json\/wp\/v2\/media?parent=6498"}],"wp:term":[{"taxonomy":"category","embeddable":true,"href":"https:\/\/www.pfarregersthof.at\/komm\/wp-json\/wp\/v2\/categories?post=6498"},{"taxonomy":"post_tag","embeddable":true,"href":"https:\/\/www.pfarregersthof.at\/komm\/wp-json\/wp\/v2\/tags?post=6498"}],"curies":[{"name":"wp","href":"https:\/\/api.w.org\/{rel}","templated":true}]}}