{"id":6509,"date":"2020-03-11T15:26:54","date_gmt":"2020-03-11T14:26:54","guid":{"rendered":"https:\/\/www.pfarregersthof.at\/komm\/?p=6509"},"modified":"2020-03-13T12:35:25","modified_gmt":"2020-03-13T11:35:25","slug":"donnerstag-treff-abgesagt-12-3","status":"publish","type":"post","link":"https:\/\/www.pfarregersthof.at\/komm\/2020\/03\/donnerstag-treff-abgesagt-12-3\/","title":{"rendered":"Donnerstag-Treff abgesagt (12.3.)"},"content":{"rendered":"\n<p>Liebe Freundinnen und Freunde!<\/p>\n<p>Aufgrund des Aufrufs der Bundesregierung alle nicht notwendigen sozialen Kontakte abzusagen, bitte ich um Verst\u00e4ndnis, dass ich in Absprache mit Pfr. Norbert den Donnerstagtreff am 12.3.2020 um 19.30 Uhr absage. Es ist, so glaube ich, in aller Interesse.<\/p>\n<p>Das vorgesehene Thema wird nat\u00fcrlich nachgeholt.<\/p>\n<p>Liebe Gr\u00fc\u00dfe<br><span style=\"color: #3366ff;\"><em>Heinrich (Bica)<\/em><\/span><\/p>\n<p>&nbsp;<\/p>\n","protected":false},"excerpt":{"rendered":"<p>Liebe Freundinnen und Freunde! Aufgrund des Aufrufs der Bundesregierung alle nicht notwendigen sozialen Kontakte abzusagen, bitte ich um Verst\u00e4ndnis, dass ich in Absprache mit Pfr. Norbert den Donnerstagtreff am 12.3.2020 um 19.30 Uhr absage. Es ist, so glaube ich, in aller Interesse. Das vorgesehene Thema wird nat\u00fcrlich nachgeholt. Liebe Gr\u00fc\u00dfeHeinrich (Bica) &nbsp;<\/p>\n","protected":false},"author":2,"featured_media":0,"comment_status":"open","ping_status":"open","sticky":false,"template":"","format":"standard","meta":{"ngg_post_thumbnail":0,"footnotes":""},"categories":[7],"tags":[],"class_list":{"0":"post-6509","1":"post","2":"type-post","3":"status-publish","4":"format-standard","6":"category-archiv"},"publishpress_future_action":{"enabled":false,"date":"2026-05-09 07:45:27","action":"category","newStatus":"draft","terms":[],"taxonomy":"category","extraData":[]},"publishpress_future_workflow_manual_trigger":{"enabledWorkflows":[]},"_links":{"self":[{"href":"https:\/\/www.pfarregersthof.at\/komm\/wp-json\/wp\/v2\/posts\/6509","targetHints":{"allow":["GET"]}}],"collection":[{"href":"https:\/\/www.pfarregersthof.at\/komm\/wp-json\/wp\/v2\/posts"}],"about":[{"href":"https:\/\/www.pfarregersthof.at\/komm\/wp-json\/wp\/v2\/types\/post"}],"author":[{"embeddable":true,"href":"https:\/\/www.pfarregersthof.at\/komm\/wp-json\/wp\/v2\/users\/2"}],"replies":[{"embeddable":true,"href":"https:\/\/www.pfarregersthof.at\/komm\/wp-json\/wp\/v2\/comments?post=6509"}],"version-history":[{"count":1,"href":"https:\/\/www.pfarregersthof.at\/komm\/wp-json\/wp\/v2\/posts\/6509\/revisions"}],"predecessor-version":[{"id":6510,"href":"https:\/\/www.pfarregersthof.at\/komm\/wp-json\/wp\/v2\/posts\/6509\/revisions\/6510"}],"wp:attachment":[{"href":"https:\/\/www.pfarregersthof.at\/komm\/wp-json\/wp\/v2\/media?parent=6509"}],"wp:term":[{"taxonomy":"category","embeddable":true,"href":"https:\/\/www.pfarregersthof.at\/komm\/wp-json\/wp\/v2\/categories?post=6509"},{"taxonomy":"post_tag","embeddable":true,"href":"https:\/\/www.pfarregersthof.at\/komm\/wp-json\/wp\/v2\/tags?post=6509"}],"curies":[{"name":"wp","href":"https:\/\/api.w.org\/{rel}","templated":true}]}}