{"id":6511,"date":"2020-03-25T11:06:25","date_gmt":"2020-03-25T10:06:25","guid":{"rendered":"https:\/\/www.pfarregersthof.at\/komm\/?p=6511"},"modified":"2020-05-13T10:58:34","modified_gmt":"2020-05-13T09:58:34","slug":"gemeindeleben-in-zeiten-des-corona-virus","status":"publish","type":"post","link":"https:\/\/www.pfarregersthof.at\/komm\/2020\/03\/gemeindeleben-in-zeiten-des-corona-virus\/","title":{"rendered":"Gemeindeleben in Zeiten des Corona Virus (Stand 16.3.)"},"content":{"rendered":"\n<p>Wie in den Nachrichten von Zeitungen, Rundfunk und&nbsp;<a href=\"https:\/\/orf.at\/corona\/\" target=\"_blank\" rel=\"noopener noreferrer\">im Web<\/a> verbreitet, hat die \u00f6sterreichische Regierung Begrenzungen im \u00f6ffentlichen Leben unseres Landes festgelegt. Aufgrund dieser Regelungen hat auch die Erzdi\u00f6zese Wien am 13. M\u00e4rz <a href=\"https:\/\/www.erzdioezese-wien.at\/site\/nachrichtenmagazin\/schwerpunkt\/kircheundcorona\/article\/81183.html\" target=\"_blank\" rel=\"noopener noreferrer\">neue Regelungen ver\u00f6ffentlicht<\/a>, die in unserer Pfarre Gersthof-St.Leopold wie hier beschrieben umgesetzt werden.&nbsp;<strong>Diese Regelungen gelten ab 13.3.2020 bis auf weiteres<\/strong>, wir informieren Sie im Gersthof gemeinsam und auf&nbsp;<a href=\"https:\/\/www.pfarregersthof.at\/komm\/2020\/03\/gottesdienste-in-zeiten-des-corona-virus\/\">www.pfarregersthof.at<\/a>&nbsp;aktuell dazu.<\/p>\n<ul>\n<li><strong><span style=\"color: #993300;\">Ab Montag, 16. M\u00e4rz 2020,<\/span><\/strong> <span style=\"color: #993300;\"><strong>sind alle Veranstaltungen in unserer Pfarre abgesagt. <br><\/strong>Aufschiebbare Feiern (Taufen, Trauungen, usw.) werden auf einen sp\u00e4teren Zeitpunkt verschoben.<strong><br><\/strong><span style=\"color: #333333;\">Die Absage betrifft alle Gruppenstunden, Runden, Besprechungen, Sakramentenvorbereitung, Chorproben, usw. &#8211; und auch Gottesdienste:<br><br><\/span><\/span><\/li>\n<li><strong><span style=\"color: #993300;\">Es werden keine Gottesdienste, inklusive Messen, in der Pfarrkirche, Johannes Nepomuk Kapelle oder sonstwo (auch nicht im Freien!) mehr gemeinsam gefeiert.<br><\/span><\/strong><span style=\"color: #993300;\">Diese Regelung gilt bis auf weiteres und h\u00e4ngt in hohem Ma\u00dfe von den Regelungen der Bundesregierung, des Landes Wien und der Erzdi\u00f6zese Wien ab. Daher k\u00f6nnen wir heute auch noch nicht absehen, wie die Karwoche und Ostern gefeiert werden.<br><\/span>Unsere beiden Priester werden Eucharistie alleine feiern und dabei f\u00fcr die Gemeinde und in besonderer Weise f\u00fcr die Kranken und pflegende Personen beten. Auch wenn wir als Gemeinde in der n\u00e4chsten Zeit nicht in Gemeinschaft feiern k\u00f6nnen, bleiben wir <strong>im Gebet verbunden \u2013 beten f\u00fcr f\u00fcreinander!<br><br><\/strong><\/li>\n<li>Auf der Website der Erzdi\u00f6zese Wien unter dem Stichwort \u201e<a href=\"https:\/\/www.erzdioezese-wien.at\/site\/nachrichtenmagazin\/schwerpunkt\/kircheundcorona\/article\/81099.html\" target=\"_blank\" rel=\"noopener noreferrer\">Gottesdienste im Radio und Online<\/a>\u201c&nbsp;gibt es Empfehlungen, an <strong>Gottesdiensten im Radio, Fernsehen oder im Internet<\/strong> Anteil zu nehmen.<br><br><\/li>\n<li>Besonders <strong>am Sonntag<\/strong> laden wir ein, <strong>zu Hause Gottesdienst <\/strong>zu <strong>feiern<\/strong>. Daf\u00fcr werden wir Vorlagen erstellen, die Sie auf dieser Website (kommt in den n\u00e4chsten Tagen) oder gedruckt im Kirchenvorraum abholen k\u00f6nnen. So bleiben wir verbunden!<br><br><\/li>\n<li><span style=\"color: #008000;\"><span style=\"color: #333333;\">Dar\u00fcber hinaus laden wird dazu ein, die <strong>Pfarrkirche zum pers\u00f6nlichen Gebet aufzusuchen<\/strong> \u2013 ihr Vorraum bleibt wie bisher von etwa 8.30 Uhr am Morgen bis etwa 18.30 Uhr am Abend ge\u00f6ffnet. Bitte beachten Sie dabei jedoch die am 15.3. beschlossenen Beschr\u00e4nkungen im Verlassen Ihrer Wohnst\u00e4tte!<\/span><br><br><\/span><\/li>\n<li>Es erscheint uns auch wichtig, unseren <strong>Pfarrer Norbert vor dem Virus zu sch\u00fctzen<\/strong>! Daher k\u00f6nnen Sie ihn in n\u00e4chster Zeit telefonisch unter 01\/479 22 92 \/44 f\u00fcr Gespr\u00e4che und Anliegen erreichen, aber nicht pers\u00f6nlich sprechen.<br><br><\/li>\n<li><strong>Begr\u00e4bnisse<\/strong> sollen im kleinsten Rahmen und nur am Grab, bzw. au\u00dferhalb eines Raumes stattfinden. (Die Stadt Wien hat festgelegt, dass an einem Begr\u00e4bnis nur h\u00f6chstens 5 Personen teilnehmen d\u00fcrfen &#8211; Information vom 16.03.2020) Alle liturgische Feiern im Zusammenhang mit einem Begr\u00e4bnis werden auf einen sp\u00e4teren Zeitpunkt verschoben.<br><br><\/li>\n<li><strong>Die Kontakte zum Pfarrsekretariat <\/strong>beschr\u00e4nken sich auf Telefonate und E-Mails. <span style=\"text-decoration: underline;\">Es ist nicht f\u00fcr Besucher ge\u00f6ffnet<\/span>.<br><br><\/li>\n<li><strong>F\u00fcr die Zustellung von Lebensmitteln <\/strong>steht Ihnen ein <strong><a href=\"\/komm\/2020\/03\/waehringhilft-einkaeufe-des-taeglichen-bedarfs-fuer-aeltere-menschen-ab-sofort\/\">Team junger Erwachsener<\/a> in Absprache mit unserer Pfarrcaritas<\/strong> zur Verf\u00fcgung. Unter der Telefonnummer 0699 117 39 489 erfahren Sie N\u00e4heres! Bitte n\u00fctzen Sie dieses Angebot, wenn Sie keine anderen M\u00f6glichkeiten zur Versorgung haben!<\/li>\n<\/ul>\n<p>Wir wollen f\u00fcr die Anliegen der Menschen im Rahmen der vorgeschriebenen Sicherheitsma\u00dfnahmen da sein. <strong>Wenn Sie Hilfe ben\u00f6tigen<\/strong>, dann melden Sie sich bitte bei uns! <strong>Pfarrer Norbert<\/strong> steht gerne telefonisch zur Verf\u00fcgung: 01\/479 22 92 \/44.<\/p>\n<p>Mit einen Wort aus der Bibel w\u00fcnschen wir Ihnen Kraft, Zuversicht und Gottes Segen!<br><strong>\u201eDer Herr ist mein Hirte, nichts wird mir fehlen!\u201c<\/strong><\/p>\n<p><em><span style=\"color: #3366ff;\">Pfarrer Norbert<\/span><br><\/em>und das Leitungsteam der Pfarre Gersthof<\/p>\n<p>&nbsp;<\/p>\n","protected":false},"excerpt":{"rendered":"<p>Wie in den Nachrichten von Zeitungen, Rundfunk und&nbsp;im Web verbreitet, hat die \u00f6sterreichische Regierung Begrenzungen im \u00f6ffentlichen Leben unseres Landes festgelegt. Aufgrund dieser Regelungen hat auch die Erzdi\u00f6zese Wien am 13. M\u00e4rz neue Regelungen ver\u00f6ffentlicht, die in unserer Pfarre Gersthof-St.Leopold wie hier beschrieben umgesetzt werden.&nbsp;Diese Regelungen gelten ab 13.3.2020 bis auf weiteres, wir informieren Sie [&hellip;]<\/p>\n","protected":false},"author":2,"featured_media":6532,"comment_status":"open","ping_status":"open","sticky":false,"template":"","format":"standard","meta":{"ngg_post_thumbnail":0,"footnotes":""},"categories":[7],"tags":[],"class_list":{"0":"post-6511","1":"post","2":"type-post","3":"status-publish","4":"format-standard","5":"has-post-thumbnail","7":"category-archiv"},"publishpress_future_action":{"enabled":false,"date":"2026-05-09 06:14:48","action":"category","newStatus":"draft","terms":[],"taxonomy":"category","extraData":[]},"publishpress_future_workflow_manual_trigger":{"enabledWorkflows":[]},"_links":{"self":[{"href":"https:\/\/www.pfarregersthof.at\/komm\/wp-json\/wp\/v2\/posts\/6511","targetHints":{"allow":["GET"]}}],"collection":[{"href":"https:\/\/www.pfarregersthof.at\/komm\/wp-json\/wp\/v2\/posts"}],"about":[{"href":"https:\/\/www.pfarregersthof.at\/komm\/wp-json\/wp\/v2\/types\/post"}],"author":[{"embeddable":true,"href":"https:\/\/www.pfarregersthof.at\/komm\/wp-json\/wp\/v2\/users\/2"}],"replies":[{"embeddable":true,"href":"https:\/\/www.pfarregersthof.at\/komm\/wp-json\/wp\/v2\/comments?post=6511"}],"version-history":[{"count":14,"href":"https:\/\/www.pfarregersthof.at\/komm\/wp-json\/wp\/v2\/posts\/6511\/revisions"}],"predecessor-version":[{"id":6543,"href":"https:\/\/www.pfarregersthof.at\/komm\/wp-json\/wp\/v2\/posts\/6511\/revisions\/6543"}],"wp:featuredmedia":[{"embeddable":true,"href":"https:\/\/www.pfarregersthof.at\/komm\/wp-json\/wp\/v2\/media\/6532"}],"wp:attachment":[{"href":"https:\/\/www.pfarregersthof.at\/komm\/wp-json\/wp\/v2\/media?parent=6511"}],"wp:term":[{"taxonomy":"category","embeddable":true,"href":"https:\/\/www.pfarregersthof.at\/komm\/wp-json\/wp\/v2\/categories?post=6511"},{"taxonomy":"post_tag","embeddable":true,"href":"https:\/\/www.pfarregersthof.at\/komm\/wp-json\/wp\/v2\/tags?post=6511"}],"curies":[{"name":"wp","href":"https:\/\/api.w.org\/{rel}","templated":true}]}}