{"id":6529,"date":"2020-03-27T15:00:00","date_gmt":"2020-03-27T14:00:00","guid":{"rendered":"https:\/\/www.pfarregersthof.at\/komm\/?p=6529"},"modified":"2020-11-21T17:04:37","modified_gmt":"2020-11-21T16:04:37","slug":"waehringhilft-einkaeufe-des-taeglichen-bedarfs-fuer-aeltere-menschen-ab-sofort","status":"publish","type":"post","link":"https:\/\/www.pfarregersthof.at\/komm\/2020\/03\/waehringhilft-einkaeufe-des-taeglichen-bedarfs-fuer-aeltere-menschen-ab-sofort\/","title":{"rendered":"#W\u00e4hringhilft: Eink\u00e4ufe des t\u00e4glichen Bedarfs f\u00fcr \u00e4ltere Menschen (aktualisiert)"},"content":{"rendered":"\n<figure class=\"wp-block-image size-large\"><img loading=\"lazy\" decoding=\"async\" width=\"800\" height=\"800\" src=\"https:\/\/www.pfarregersthof.at\/komm\/wp-content\/uploads\/2020\/03\/Waehringhilft_202003a-800x800.png\" alt=\"\" class=\"wp-image-6530\" srcset=\"https:\/\/www.pfarregersthof.at\/komm\/wp-content\/uploads\/2020\/03\/Waehringhilft_202003a-800x800.png 800w, https:\/\/www.pfarregersthof.at\/komm\/wp-content\/uploads\/2020\/03\/Waehringhilft_202003a-300x300.png 300w, https:\/\/www.pfarregersthof.at\/komm\/wp-content\/uploads\/2020\/03\/Waehringhilft_202003a-150x150.png 150w, https:\/\/www.pfarregersthof.at\/komm\/wp-content\/uploads\/2020\/03\/Waehringhilft_202003a-768x768.png 768w, https:\/\/www.pfarregersthof.at\/komm\/wp-content\/uploads\/2020\/03\/Waehringhilft_202003a-696x696.png 696w, https:\/\/www.pfarregersthof.at\/komm\/wp-content\/uploads\/2020\/03\/Waehringhilft_202003a-1068x1068.png 1068w, https:\/\/www.pfarregersthof.at\/komm\/wp-content\/uploads\/2020\/03\/Waehringhilft_202003a-420x420.png 420w, https:\/\/www.pfarregersthof.at\/komm\/wp-content\/uploads\/2020\/03\/Waehringhilft_202003a.png 1080w\" sizes=\"auto, (max-width: 800px) 100vw, 800px\" \/><\/figure>\n\n\n\n<p>Mit diesem Plakat und einem erl\u00e4uternden Text sind seit dem Wochenende 14.\/15. M\u00e4rz junge Menschen aus unserem Bezirk unterwegs, um vor allem \u00e4lteren Menschen beim Kauf des t\u00e4glichen Bedarfs zu helfen. Hier ihr Bericht:<\/p>\n<p><em>Wir n\u00e4hern uns dem Ende der zweiten Wochen und k\u00f6nnen zufrieden zur\u00fcckblicken.&nbsp;<\/em><\/p>\n<p><em>Es ist uns in den letzten zwei Wochen gelungen 65 Unterst\u00fctzer f\u00fcr unsere Initiative zu gewinnen. Einerseits durch unsere Steckaktionen, andererseits durch unsere Social Media Aktivit\u00e4t.&nbsp;Dar\u00fcber hinaus ist zu berichten, dass durch die Publizit\u00e4t, die wir durch den <a href=\"https:\/\/www.meinbezirk.at\/waehring\/c-lokales\/so-wird-den-waehringern-geholfen_a3997404\" target=\"_blank\" rel=\"noopener noreferrer\">Artikel im Bezirksblatt<\/a> erfahren haben, es vermehrt zu Anrufen kam. In den letzten zwei Tagen alleine riefen&nbsp;50 Menschen&nbsp;an, die uns entweder unterst\u00fctzen wollen oder um Hilfe gebeten haben.&nbsp;&nbsp;<\/em><\/p>\n<p><em>Durch die gro\u00dfe Anzahl an Unterst\u00fctzern gelingt es uns fl\u00e4chendeckend in ganz W\u00e4hring Menschen ihre Eink\u00e4ufe abzunehmen. Bis Dato wurden 35 Eink\u00e4ufe von 28 verschieden Menschen \u00fcbernommen. Darin spiegelt sich vor allem auch das Vertrauen und die Zufriedenheit jener Menschen wieder, die bereits die zweite Woche in Folge bei uns um Unterst\u00fctzung gebeten haben. Ein gro\u00dfes Dank an dieser Stelle an die Johanniter, die diesen Mittwoch Gro\u00dfeink\u00e4ufe f\u00fcr W\u00e4hringerinnen und W\u00e4hringer \u00fcbernommen haben!<\/em><\/p>\n<p><em>Gleichzeitig bekommen wir auch sehr positives Feedback von den Belieferten.&nbsp;&nbsp;<\/em><\/p>\n<p><em>Vorausschauend auf die n\u00e4chsten Tage haben wir uns weitere Pl\u00e4ne vorgenommen.&nbsp;<\/em><\/p>\n<p><em>Ziel f\u00fcr dieses Wochenende ist es, einerseits durch weitere Steckaktionen auf uns aufmerksam zu machen, andererseits wollen wir durch eine Videokonferenz unsere Unterst\u00fctzer \u201epers\u00f6nlicher\u201c, den Umst\u00e4nden entsprechend, kennen lernen.&nbsp;<\/em><\/p>\n<p><em>Ab n\u00e4chste Woche gilt es wieder erfolgreich der immer steigenden Nachfrage gerecht zu werden und weitere Unterst\u00fctzer f\u00fcr unsere Sache zu gewinnen!&nbsp;<\/em><\/p>\n","protected":false},"excerpt":{"rendered":"<p>Mit diesem Plakat und einem erl\u00e4uternden Text sind seit dem Wochenende 14.\/15. M\u00e4rz junge Menschen aus unserem Bezirk unterwegs, um vor allem \u00e4lteren Menschen beim Kauf des t\u00e4glichen Bedarfs zu helfen. Hier ihr Bericht: Wir n\u00e4hern uns dem Ende der zweiten Wochen und k\u00f6nnen zufrieden zur\u00fcckblicken.&nbsp; Es ist uns in den letzten zwei Wochen gelungen [&hellip;]<\/p>\n","protected":false},"author":2,"featured_media":6530,"comment_status":"open","ping_status":"open","sticky":false,"template":"","format":"standard","meta":{"ngg_post_thumbnail":0,"footnotes":""},"categories":[7],"tags":[],"class_list":{"0":"post-6529","1":"post","2":"type-post","3":"status-publish","4":"format-standard","5":"has-post-thumbnail","7":"category-archiv"},"publishpress_future_action":{"enabled":false,"date":"2026-05-09 06:19:27","action":"category","newStatus":"draft","terms":[],"taxonomy":"category","extraData":[]},"publishpress_future_workflow_manual_trigger":{"enabledWorkflows":[]},"_links":{"self":[{"href":"https:\/\/www.pfarregersthof.at\/komm\/wp-json\/wp\/v2\/posts\/6529","targetHints":{"allow":["GET"]}}],"collection":[{"href":"https:\/\/www.pfarregersthof.at\/komm\/wp-json\/wp\/v2\/posts"}],"about":[{"href":"https:\/\/www.pfarregersthof.at\/komm\/wp-json\/wp\/v2\/types\/post"}],"author":[{"embeddable":true,"href":"https:\/\/www.pfarregersthof.at\/komm\/wp-json\/wp\/v2\/users\/2"}],"replies":[{"embeddable":true,"href":"https:\/\/www.pfarregersthof.at\/komm\/wp-json\/wp\/v2\/comments?post=6529"}],"version-history":[{"count":4,"href":"https:\/\/www.pfarregersthof.at\/komm\/wp-json\/wp\/v2\/posts\/6529\/revisions"}],"predecessor-version":[{"id":6585,"href":"https:\/\/www.pfarregersthof.at\/komm\/wp-json\/wp\/v2\/posts\/6529\/revisions\/6585"}],"wp:featuredmedia":[{"embeddable":true,"href":"https:\/\/www.pfarregersthof.at\/komm\/wp-json\/wp\/v2\/media\/6530"}],"wp:attachment":[{"href":"https:\/\/www.pfarregersthof.at\/komm\/wp-json\/wp\/v2\/media?parent=6529"}],"wp:term":[{"taxonomy":"category","embeddable":true,"href":"https:\/\/www.pfarregersthof.at\/komm\/wp-json\/wp\/v2\/categories?post=6529"},{"taxonomy":"post_tag","embeddable":true,"href":"https:\/\/www.pfarregersthof.at\/komm\/wp-json\/wp\/v2\/tags?post=6529"}],"curies":[{"name":"wp","href":"https:\/\/api.w.org\/{rel}","templated":true}]}}