{"id":6547,"date":"2020-03-20T17:19:32","date_gmt":"2020-03-20T16:19:32","guid":{"rendered":"https:\/\/www.pfarregersthof.at\/komm\/?p=6547"},"modified":"2022-01-30T18:27:38","modified_gmt":"2022-01-30T17:27:38","slug":"im-gebet-verbunden","status":"publish","type":"post","link":"https:\/\/www.pfarregersthof.at\/komm\/2020\/03\/im-gebet-verbunden\/","title":{"rendered":"Im Gebet verbunden"},"content":{"rendered":"\n<p>Die mit dem Corona-Virus verbundene Ansteckungsgefahr macht es notwendig, dass wir in der n\u00e4chsten Zeit Abstand halten und keine gemeinsamen Gottesdienste feiern. Trotzdem k\u00f6nnen und sollen wir beten \u2013 gerade in dieser Zeit! Eine Einladung an all jene, die gew\u00f6hnlich bei unseren Gottesdiensten mitfeiern: Beten wir zu Hause zu den gewohnten Zeiten weiter!<\/p>\n<p>Hier einige Anregungen f\u00fcr das Gebet zu Hause:<\/p>\n<p>*&nbsp; <a href=\"https:\/\/www.katholisch.de\/artikel\/41-das-rosenkranzgebet\" target=\"_blank\" rel=\"noopener noreferrer\">Rosenkranzgebet<\/a><\/p>\n<p>*&nbsp; Schriftstellen der Bibel \u2013 <a href=\"https:\/\/www.erzabtei-beuron.de\/schott\/schott_anz\/\" target=\"_blank\" rel=\"noopener noreferrer\">die Tageslesungen<\/a> &#8211; lesen und meditieren<\/p>\n<p>*&nbsp; &nbsp; Gotteslob \u2013 im Gebetsteil finden Sie Anregungen<\/p>\n<p>Hier noch eine Gebetsanregung zum uns bedr\u00e4ngenden Anlass des Corona-Virus:<\/p>\n<p style=\"text-align: left;\">Herr, wir bringen Dir alle Erkrankten und bitten um Trost und Heilung. Sei den und Forschern Weisheit und Energie. Allen Krankenschwestern und Pflegern Kraft in dieser extremen Belastung. Den Politikern und Mitarbeitern der Gesundheits\u00e4mter Besonnenheit. Wir beten f\u00fcr alle, die in Panik sind. Alle, die von Angst \u00fcberw\u00e4ltigt sind. Um Frieden inmitten des Sturms, um klare Sicht. Wir beten f\u00fcr alle, die gro\u00dfen materiellen Schaden haben oder bef\u00fcrchten. Guter Gott, wir bringen Dir alle, die in Quarant\u00e4ne sein m\u00fcssen, sich einsam f\u00fchlen, niemanden umarmen k\u00f6nnen. Ber\u00fchre Du Herzen mit Deiner Sanftheit. Und ja, wir beten, dass diese Epidemie abschwillt, dass die Zahlen zur\u00fcckgehen, dass Normalit\u00e4t wieder einkehren kann. Mach uns dankbar f\u00fcr jeden Tag in Gesundheit. Lass uns nie vergessen, dass das Leben ein Geschenk ist. Dass wir irgendwann sterben werden und nicht alles kontrollieren k\u00f6nnen. Dass Du allein ewig bist. Dass im Leben so vieles unwichtig ist, was oft so laut daherkommt. Mach uns dankbar f\u00fcr so vieles, was wir ohne Krisenzeiten so schnell \u00fcbersehen. Wir vertrauen Dir. <em>&nbsp;<br>(Johannes Hartl)<\/em><\/p>\n<p><strong>&nbsp;<\/strong><\/p>\n","protected":false},"excerpt":{"rendered":"<p>Die mit dem Corona-Virus verbundene Ansteckungsgefahr macht es notwendig, dass wir in der n\u00e4chsten Zeit Abstand halten und keine gemeinsamen Gottesdienste feiern. Trotzdem k\u00f6nnen und sollen wir beten \u2013 gerade in dieser Zeit! Eine Einladung an all jene, die gew\u00f6hnlich bei unseren Gottesdiensten mitfeiern: Beten wir zu Hause zu den gewohnten Zeiten weiter! Hier einige [&hellip;]<\/p>\n","protected":false},"author":2,"featured_media":0,"comment_status":"open","ping_status":"open","sticky":false,"template":"","format":"standard","meta":{"ngg_post_thumbnail":0,"footnotes":""},"categories":[7],"tags":[],"class_list":{"0":"post-6547","1":"post","2":"type-post","3":"status-publish","4":"format-standard","6":"category-archiv"},"publishpress_future_action":{"enabled":false,"date":"2026-05-09 09:19:43","action":"category","newStatus":"draft","terms":[],"taxonomy":"category","extraData":[]},"publishpress_future_workflow_manual_trigger":{"enabledWorkflows":[]},"_links":{"self":[{"href":"https:\/\/www.pfarregersthof.at\/komm\/wp-json\/wp\/v2\/posts\/6547","targetHints":{"allow":["GET"]}}],"collection":[{"href":"https:\/\/www.pfarregersthof.at\/komm\/wp-json\/wp\/v2\/posts"}],"about":[{"href":"https:\/\/www.pfarregersthof.at\/komm\/wp-json\/wp\/v2\/types\/post"}],"author":[{"embeddable":true,"href":"https:\/\/www.pfarregersthof.at\/komm\/wp-json\/wp\/v2\/users\/2"}],"replies":[{"embeddable":true,"href":"https:\/\/www.pfarregersthof.at\/komm\/wp-json\/wp\/v2\/comments?post=6547"}],"version-history":[{"count":1,"href":"https:\/\/www.pfarregersthof.at\/komm\/wp-json\/wp\/v2\/posts\/6547\/revisions"}],"predecessor-version":[{"id":6548,"href":"https:\/\/www.pfarregersthof.at\/komm\/wp-json\/wp\/v2\/posts\/6547\/revisions\/6548"}],"wp:attachment":[{"href":"https:\/\/www.pfarregersthof.at\/komm\/wp-json\/wp\/v2\/media?parent=6547"}],"wp:term":[{"taxonomy":"category","embeddable":true,"href":"https:\/\/www.pfarregersthof.at\/komm\/wp-json\/wp\/v2\/categories?post=6547"},{"taxonomy":"post_tag","embeddable":true,"href":"https:\/\/www.pfarregersthof.at\/komm\/wp-json\/wp\/v2\/tags?post=6547"}],"curies":[{"name":"wp","href":"https:\/\/api.w.org\/{rel}","templated":true}]}}