{"id":6549,"date":"2020-03-20T17:26:09","date_gmt":"2020-03-20T16:26:09","guid":{"rendered":"https:\/\/www.pfarregersthof.at\/komm\/?p=6549"},"modified":"2020-04-17T19:31:13","modified_gmt":"2020-04-17T18:31:13","slug":"osterkerzen-trotz-corona-virus","status":"publish","type":"post","link":"https:\/\/www.pfarregersthof.at\/komm\/2020\/03\/osterkerzen-trotz-corona-virus\/","title":{"rendered":"Osterkerzen &#8211; trotz Corona-Virus"},"content":{"rendered":"\n<p>Wenn Sie nicht der Risikogruppe angeh\u00f6ren, k\u00f6nnen Sie gerne eine handverzierte Osterkerze aus dem <a href=\"\/komm\/pfarre-von-a-z\/information\/kontakt-aufnehmen\/#pfarrsek\"><em>Pfarrsekretariat<\/em> <\/a><span style=\"text-decoration: underline;\">am Karsamstag zwischen 16 und 18 Uhr<\/span> bekommen &#8211; klopfen Sie einfach ans B\u00fcrofenster, links neben dem Haustor von Bischof-Faber-Platz 7.<\/p>\n<p><em><u>ODER:<\/u><\/em> Sie melden sich bei <em>&#8222;<a href=\"\/komm\/2020\/03\/waehringhilft-einkaeufe-des-taeglichen-bedarfs-fuer-aeltere-menschen-ab-sofort\/\">W\u00e4hring hilft<\/a>&#8222;<\/em> &#8211; und erhalten Ihre Kerze wie auch andere Waren zu Ihrer Wohnung zugestellt.<\/p>\n<p>Egal ob dick und klein oder gro\u00df und d\u00fcnn, 8 \u20ac pro Kerze gehen an das Hilfsprojekt in Indien zugunsten von Menschen die durch den Klimawandel besonders stark an Hunger, Armut und Hoffnungslosigkeit leiden.<\/p>\n<p>Wenn Sie mehr als 2 Kerzen m\u00f6chten, k\u00f6nnen Sie die Steuergutschrift in Anspruch nehmen (Spendeng\u00fctesiegel: dazu bitte den Namen laut Meldezettel und Ihr Geburtsdatum angeben)<\/p>\n<p>Osterlicht f\u00fcr Gersthof und Indien<br>Danke sagt<br><span style=\"color: #3366ff;\"><em>Hemma Gamillscheg<\/em><\/span><\/p>\n","protected":false},"excerpt":{"rendered":"<p>Wenn Sie nicht der Risikogruppe angeh\u00f6ren, k\u00f6nnen Sie gerne eine handverzierte Osterkerze aus dem Pfarrsekretariat am Karsamstag zwischen 16 und 18 Uhr bekommen &#8211; klopfen Sie einfach ans B\u00fcrofenster, links neben dem Haustor von Bischof-Faber-Platz 7. ODER: Sie melden sich bei &#8222;W\u00e4hring hilft&#8222; &#8211; und erhalten Ihre Kerze wie auch andere Waren zu Ihrer Wohnung [&hellip;]<\/p>\n","protected":false},"author":2,"featured_media":0,"comment_status":"open","ping_status":"open","sticky":false,"template":"","format":"standard","meta":{"ngg_post_thumbnail":0,"footnotes":""},"categories":[7],"tags":[],"class_list":{"0":"post-6549","1":"post","2":"type-post","3":"status-publish","4":"format-standard","6":"category-archiv"},"publishpress_future_action":{"enabled":false,"date":"2026-05-09 07:45:11","action":"category","newStatus":"draft","terms":[],"taxonomy":"category","extraData":[]},"publishpress_future_workflow_manual_trigger":{"enabledWorkflows":[]},"_links":{"self":[{"href":"https:\/\/www.pfarregersthof.at\/komm\/wp-json\/wp\/v2\/posts\/6549","targetHints":{"allow":["GET"]}}],"collection":[{"href":"https:\/\/www.pfarregersthof.at\/komm\/wp-json\/wp\/v2\/posts"}],"about":[{"href":"https:\/\/www.pfarregersthof.at\/komm\/wp-json\/wp\/v2\/types\/post"}],"author":[{"embeddable":true,"href":"https:\/\/www.pfarregersthof.at\/komm\/wp-json\/wp\/v2\/users\/2"}],"replies":[{"embeddable":true,"href":"https:\/\/www.pfarregersthof.at\/komm\/wp-json\/wp\/v2\/comments?post=6549"}],"version-history":[{"count":2,"href":"https:\/\/www.pfarregersthof.at\/komm\/wp-json\/wp\/v2\/posts\/6549\/revisions"}],"predecessor-version":[{"id":6675,"href":"https:\/\/www.pfarregersthof.at\/komm\/wp-json\/wp\/v2\/posts\/6549\/revisions\/6675"}],"wp:attachment":[{"href":"https:\/\/www.pfarregersthof.at\/komm\/wp-json\/wp\/v2\/media?parent=6549"}],"wp:term":[{"taxonomy":"category","embeddable":true,"href":"https:\/\/www.pfarregersthof.at\/komm\/wp-json\/wp\/v2\/categories?post=6549"},{"taxonomy":"post_tag","embeddable":true,"href":"https:\/\/www.pfarregersthof.at\/komm\/wp-json\/wp\/v2\/tags?post=6549"}],"curies":[{"name":"wp","href":"https:\/\/api.w.org\/{rel}","templated":true}]}}