{"id":6576,"date":"2020-03-27T17:20:10","date_gmt":"2020-03-27T16:20:10","guid":{"rendered":"https:\/\/www.pfarregersthof.at\/komm\/?p=6576"},"modified":"2020-04-06T16:54:32","modified_gmt":"2020-04-06T15:54:32","slug":"palmkaetzchen-zum-freien-mitnehmen","status":"publish","type":"post","link":"https:\/\/www.pfarregersthof.at\/komm\/2020\/03\/palmkaetzchen-zum-freien-mitnehmen\/","title":{"rendered":"Palmk\u00e4tzchen zum freien Mitnehmen"},"content":{"rendered":"\n<p>Auf die Feier des Palmsonntags (5. April) hatten sich Gro\u00df und Klein bestimmt schon lange gefreut. Wir vom Elternverein des Pfarrkindergartens hatten schon vor Wochen Palmzweige eingelagert, um Sie &#8211; wie gewohnt und immer gerne von der Gemeinde angenommen &#8211; am Palmsonntag damit versorgen zu k\u00f6nnen (Danke \u00fcbrigens an jene, die uns Zweige zur<br>Verf\u00fcgung stellten). Die Absage der Palmweihe ist traurige Gewissheit.<\/p>\n<p>F\u00fcr jene, die dennoch gerne von Pfarrer Norbert gesegnete Palmk\u00e4tzchen h\u00e4tten, werden wir diese <strong>ab Samstag 28.3. im Vorraum der Pfarrkirche zur freien Entnahme<\/strong> aufstellen.<\/p>\n<p>Hoffentlich hat jemand Freude daran. N\u00e4chstes Jahr werden wir nat\u00fcrlich wieder am Palmsonntag vorort sein, um Sie mit geschm\u00fcckten Zweigen zu erfreuen.<\/p>\n<p>Der Elternverein des Pfarrkindergartens Gersthof<\/p>\n","protected":false},"excerpt":{"rendered":"<p>Auf die Feier des Palmsonntags (5. April) hatten sich Gro\u00df und Klein bestimmt schon lange gefreut. Wir vom Elternverein des Pfarrkindergartens hatten schon vor Wochen Palmzweige eingelagert, um Sie &#8211; wie gewohnt und immer gerne von der Gemeinde angenommen &#8211; am Palmsonntag damit versorgen zu k\u00f6nnen (Danke \u00fcbrigens an jene, die uns Zweige zurVerf\u00fcgung stellten). [&hellip;]<\/p>\n","protected":false},"author":2,"featured_media":0,"comment_status":"open","ping_status":"open","sticky":false,"template":"","format":"standard","meta":{"ngg_post_thumbnail":0,"footnotes":""},"categories":[7],"tags":[],"class_list":{"0":"post-6576","1":"post","2":"type-post","3":"status-publish","4":"format-standard","6":"category-archiv"},"publishpress_future_action":{"enabled":false,"date":"2026-05-09 06:18:39","action":"category","newStatus":"draft","terms":[],"taxonomy":"category","extraData":[]},"publishpress_future_workflow_manual_trigger":{"enabledWorkflows":[]},"_links":{"self":[{"href":"https:\/\/www.pfarregersthof.at\/komm\/wp-json\/wp\/v2\/posts\/6576","targetHints":{"allow":["GET"]}}],"collection":[{"href":"https:\/\/www.pfarregersthof.at\/komm\/wp-json\/wp\/v2\/posts"}],"about":[{"href":"https:\/\/www.pfarregersthof.at\/komm\/wp-json\/wp\/v2\/types\/post"}],"author":[{"embeddable":true,"href":"https:\/\/www.pfarregersthof.at\/komm\/wp-json\/wp\/v2\/users\/2"}],"replies":[{"embeddable":true,"href":"https:\/\/www.pfarregersthof.at\/komm\/wp-json\/wp\/v2\/comments?post=6576"}],"version-history":[{"count":1,"href":"https:\/\/www.pfarregersthof.at\/komm\/wp-json\/wp\/v2\/posts\/6576\/revisions"}],"predecessor-version":[{"id":6577,"href":"https:\/\/www.pfarregersthof.at\/komm\/wp-json\/wp\/v2\/posts\/6576\/revisions\/6577"}],"wp:attachment":[{"href":"https:\/\/www.pfarregersthof.at\/komm\/wp-json\/wp\/v2\/media?parent=6576"}],"wp:term":[{"taxonomy":"category","embeddable":true,"href":"https:\/\/www.pfarregersthof.at\/komm\/wp-json\/wp\/v2\/categories?post=6576"},{"taxonomy":"post_tag","embeddable":true,"href":"https:\/\/www.pfarregersthof.at\/komm\/wp-json\/wp\/v2\/tags?post=6576"}],"curies":[{"name":"wp","href":"https:\/\/api.w.org\/{rel}","templated":true}]}}