{"id":6604,"date":"2020-04-03T12:45:54","date_gmt":"2020-04-03T11:45:54","guid":{"rendered":"https:\/\/www.pfarregersthof.at\/komm\/?p=6604"},"modified":"2020-04-06T16:44:12","modified_gmt":"2020-04-06T15:44:12","slug":"kinderkirche-fuer-zuhause-palmsonntag-karwoche-5-4","status":"publish","type":"post","link":"https:\/\/www.pfarregersthof.at\/komm\/2020\/04\/kinderkirche-fuer-zuhause-palmsonntag-karwoche-5-4\/","title":{"rendered":"Kinderkirche f\u00fcr zuhause  &#8211; Palmsonntag &#038; Karwoche (5.4.)"},"content":{"rendered":"\n<h1><a href=\"https:\/\/www.pfarregersthof.at\/komm\/wp-content\/uploads\/2020\/03\/kinderkirche_logo1.jpg\"><img loading=\"lazy\" decoding=\"async\" class=\"size-thumbnail wp-image-6570 alignnone\" src=\"https:\/\/www.pfarregersthof.at\/komm\/wp-content\/uploads\/2020\/03\/kinderkirche_logo1-150x129.jpg\" alt=\"\" width=\"150\" height=\"129\" srcset=\"https:\/\/www.pfarregersthof.at\/komm\/wp-content\/uploads\/2020\/03\/kinderkirche_logo1-150x129.jpg 150w, https:\/\/www.pfarregersthof.at\/komm\/wp-content\/uploads\/2020\/03\/kinderkirche_logo1.jpg 232w\" sizes=\"auto, (max-width: 150px) 100vw, 150px\" \/><\/a>Kirche auf dem Weg nach Ostern<\/h1>\n<p><a href=\"https:\/\/www.pfarregersthof.at\/komm\/wp-content\/uploads\/2020\/04\/ostertisch-kinder-2020a.jpg\"><img loading=\"lazy\" decoding=\"async\" class=\"alignright size-medium wp-image-6609\" src=\"https:\/\/www.pfarregersthof.at\/komm\/wp-content\/uploads\/2020\/04\/ostertisch-kinder-2020a-300x201.jpg\" alt=\"\" width=\"300\" height=\"201\" srcset=\"https:\/\/www.pfarregersthof.at\/komm\/wp-content\/uploads\/2020\/04\/ostertisch-kinder-2020a-300x201.jpg 300w, https:\/\/www.pfarregersthof.at\/komm\/wp-content\/uploads\/2020\/04\/ostertisch-kinder-2020a-150x101.jpg 150w, https:\/\/www.pfarregersthof.at\/komm\/wp-content\/uploads\/2020\/04\/ostertisch-kinder-2020a.jpg 346w\" sizes=\"auto, (max-width: 300px) 100vw, 300px\" \/><\/a>Einen Tisch passend zur Karwoche gestalten \u2013 an einer geeigneten Stelle in der Wohnung f\u00fcr die Tage auf Ostern hin einen \u201eOstertisch\u201c<br>vorbereitet.<\/p>\n<p>Auf ein wei\u00dfes Tuch \u2013 Kreuz, Kinderbibel, Vase f\u00fcr Palm und Osterzweige, Kerze (Osterkerze)<\/p>\n<h3>T\u00e4gliches Ritual<\/h3>\n<p>Das t\u00e4gliche Zusammenkommen als Versammlung um den Tisch mit den Zeichen f\u00fcr diese Tage ..<\/p>\n<p>Lesen aus der Kinderbibel (aus der Bibel oder aus dem Internet), miteinander dar\u00fcber sprechen, betrachten\/genie\u00dfen der Zeichen \u2026 Abschluss \u2013 gemeinsam das Vater Unser beten.<\/p>\n<h2>Die Feier des Palmsonntags und der Karwoche<\/h2>\n<h3>Palmbuschen bis Osterkerze<\/h3>\n<p>Von Palmsonntag an kann der \u201eOstertisch&#8220; mit entsprechenden Zeichen und Symbolen der \u201eHeiligen Woche&#8220; geschm\u00fcckt werden. Sie erinnern uns an Jesus und seinen \u00f6sterlichen Weg durch Leiden und Tod zur Auferstehung:<\/p>\n<ul style=\"list-style-type: square;\">\n<li>am Palmsonntag der Palmbuschen oder \u00d6lzweige<\/li>\n<li>am Gr\u00fcndonnerstag Brot und Wein\/Traubensaft<\/li>\n<li>am Karfreitag Weizenk\u00f6rner als Symbol f\u00fcr das Sterben und das Fruchtbringen<\/li>\n<li>am Karsamstag frische gr\u00fcne Zweige, mit bunten Eiern behangen<\/li>\n<li>zu Ostern die Osterkerze, Eier als Zeichen des Lebens, ein (gebackenes) Osterlamm,<\/li>\n<li>ein Gef\u00e4\u00df mit Wasser (dieses gemeinsam segnen)<\/li>\n<li>Tauffotos zur Erinnerung an die Tauferneuerung in der Osternacht<\/li>\n<\/ul>\n<h3>Palmsonntag<\/h3>\n<p><a href=\"https:\/\/www.pfarregersthof.at\/komm\/wp-content\/uploads\/2020\/04\/kindergrafik-palmsonntag-1.jpg\"><img loading=\"lazy\" decoding=\"async\" class=\"alignleft size-medium wp-image-6608\" src=\"https:\/\/www.pfarregersthof.at\/komm\/wp-content\/uploads\/2020\/04\/kindergrafik-palmsonntag-1-300x210.jpg\" alt=\"\" width=\"300\" height=\"210\" srcset=\"https:\/\/www.pfarregersthof.at\/komm\/wp-content\/uploads\/2020\/04\/kindergrafik-palmsonntag-1-300x210.jpg 300w, https:\/\/www.pfarregersthof.at\/komm\/wp-content\/uploads\/2020\/04\/kindergrafik-palmsonntag-1-150x105.jpg 150w, https:\/\/www.pfarregersthof.at\/komm\/wp-content\/uploads\/2020\/04\/kindergrafik-palmsonntag-1-100x70.jpg 100w, https:\/\/www.pfarregersthof.at\/komm\/wp-content\/uploads\/2020\/04\/kindergrafik-palmsonntag-1-600x420.jpg 600w, https:\/\/www.pfarregersthof.at\/komm\/wp-content\/uploads\/2020\/04\/kindergrafik-palmsonntag-1.jpg 640w\" sizes=\"auto, (max-width: 300px) 100vw, 300px\" \/><\/a>Der Palmsonntag hat seinen Namen von den Palmzweigen, mit denen die Menschen von Jerusalem Jesus auf seinem Weg in die Stadt begr\u00fc\u00dft haben. Die Palm- oder \u00d6lzweige galten als Siegeszeichen &#8211; der gr\u00fcne Zweig ist f\u00fcr die Menschen seit alters her ein Zeichen des Lebens.<\/p>\n<p>Dazu auch ein Ausmalbild:&nbsp;<\/p>\n<p><a href=\"https:\/\/www.pfarregersthof.at\/komm\/wp-content\/uploads\/2020\/04\/kindergrafik-palmsonntag-2.jpg\"><img loading=\"lazy\" decoding=\"async\" class=\"aligncenter size-full wp-image-6607\" src=\"https:\/\/www.pfarregersthof.at\/komm\/wp-content\/uploads\/2020\/04\/kindergrafik-palmsonntag-2.jpg\" alt=\"\" width=\"252\" height=\"300\" srcset=\"https:\/\/www.pfarregersthof.at\/komm\/wp-content\/uploads\/2020\/04\/kindergrafik-palmsonntag-2.jpg 252w, https:\/\/www.pfarregersthof.at\/komm\/wp-content\/uploads\/2020\/04\/kindergrafik-palmsonntag-2-126x150.jpg 126w\" sizes=\"auto, (max-width: 252px) 100vw, 252px\" \/><\/a><\/p>\n<p>Mit dem Palmsonntag beginnt die Karwoche (von althochdeutsch \u201ekara&#8220; = Sorge, Kummer). Wir sind eingeladen, den Leidensweg Jesu mitzugehen. Jesu Weg f\u00fchrt durch das Leid und den Tod am Kreuz zur Herrlichkeit der Auferstehung. Es ist ein Weg voller H\u00f6hen und Tiefen, voller Hoffnung und Angst, voller Jubel und Verachtung &#8211; ein Weg auf Leben und Tod.<\/p>\n<h4><strong>Jesus zieht an Palmsonntag in Jerusalem ein<\/strong><\/h4>\n<figure id=\"attachment_6606\" aria-describedby=\"caption-attachment-6606\" style=\"width: 300px\" class=\"wp-caption alignright\"><a href=\"https:\/\/www.pfarregersthof.at\/komm\/wp-content\/uploads\/2020\/04\/kindergrafik-palmsonntag-3.jpg\"><img loading=\"lazy\" decoding=\"async\" class=\"wp-image-6606 size-medium\" src=\"https:\/\/www.pfarregersthof.at\/komm\/wp-content\/uploads\/2020\/04\/kindergrafik-palmsonntag-3-300x131.jpg\" alt=\"\" width=\"300\" height=\"131\" srcset=\"https:\/\/www.pfarregersthof.at\/komm\/wp-content\/uploads\/2020\/04\/kindergrafik-palmsonntag-3-300x131.jpg 300w, https:\/\/www.pfarregersthof.at\/komm\/wp-content\/uploads\/2020\/04\/kindergrafik-palmsonntag-3-800x350.jpg 800w, https:\/\/www.pfarregersthof.at\/komm\/wp-content\/uploads\/2020\/04\/kindergrafik-palmsonntag-3-150x66.jpg 150w, https:\/\/www.pfarregersthof.at\/komm\/wp-content\/uploads\/2020\/04\/kindergrafik-palmsonntag-3-768x336.jpg 768w, https:\/\/www.pfarregersthof.at\/komm\/wp-content\/uploads\/2020\/04\/kindergrafik-palmsonntag-3-696x305.jpg 696w, https:\/\/www.pfarregersthof.at\/komm\/wp-content\/uploads\/2020\/04\/kindergrafik-palmsonntag-3-959x420.jpg 959w, https:\/\/www.pfarregersthof.at\/komm\/wp-content\/uploads\/2020\/04\/kindergrafik-palmsonntag-3.jpg 1030w\" sizes=\"auto, (max-width: 300px) 100vw, 300px\" \/><\/a><figcaption id=\"caption-attachment-6606\" class=\"wp-caption-text\">Bild: \u00a9 katholisch.de\/CLARA STUDIO, Ukraine<\/figcaption><\/figure>\n<p>Die Leute dort freuten sich sehr dar\u00fcber, dass Jesus zu ihnen gekommen war. Sie hatten davon geh\u00f6rt, dass er schon vielen armen und kranken Menschen geholfen und Wunder bewirkt hatte. Deshalb sahen sie ihn als ihren Retter an. &#8222;Gesegnet sei er, der kommt im Namen des Herrn!&#8220;, riefen sie. Die Leute legten Kleidung und Palmzweige f\u00fcr ihn auf den Boden, um Jesus zu ehren. Die Stadtoberh\u00e4upter h\u00f6rten von dem Mann, den alle verehrten.<\/p>\n<p>Ihnen machte es Angst, dass ihr Volk Jesus wie einen K\u00f6nig feierte. Deshalb wollten sie Jesus umbringen. &nbsp;&nbsp;&nbsp;&nbsp;&nbsp;&nbsp;&nbsp;&nbsp;&nbsp;&nbsp;&nbsp;&nbsp;&nbsp;&nbsp;&nbsp;&nbsp;&nbsp;&nbsp;&nbsp;&nbsp;&nbsp;&nbsp;&nbsp;&nbsp;&nbsp;&nbsp;&nbsp;&nbsp;&nbsp;&nbsp;<\/p>\n<h4><strong>Die biblische Erz\u00e4hlung aus dem Lukasevangelium<\/strong><\/h4>\n<p>Der Einzug in Jerusalem &#8211; frei nach <a href=\"https:\/\/www.bibleserver.com\/EU\/Lukas19%2C28\" target=\"_blank\" rel=\"noopener noreferrer\">Lukas 19, 28-40<\/a> (in verteilten Rollen gelesen)<\/p>\n<p>Lektor*in 1:<br>Jesus war mit seinen J\u00fcngern unterwegs nach Jerusalem. Gerade kamen sie in Betfage an. Das ist ein kleines Dorf bei Jerusalem und liegt auf dem \u00d6lberg. Jesus sagte zu zwei von seinen J\u00fcngern:<br>Vorsteher*in:<br>Geht voraus! Gleich, wenn ihr in das n\u00e4chste Dorf hinein kommt, werdet ihr einen jungen Esel finden, der angebunden ist. Noch niemand ist auf diesem Tier geritten. Bindet ihn los und bringt ihn mir. Falls euch jemand fragt: Was macht ihr da? Dann sagt einfach: Der Herr braucht das Tier.<br>Lektor*in 1:<br>Jetzt sollte geschehen, was schon viele Jahrhunderte ein Prophet vorausgesagt hatte und was in der Hl. Schrift aufgeschrieben stand:<br>Lektor*in 2:<br>Sagt der Stadt Jerusalem: &#8222;Siehe, dein K\u00f6nig kommt zu dir. Er reitet sanftm\u00fctig auf einem jungen Esel.&#8220;<br>Lektor*in 1:<br>Die J\u00fcnger gingen in das Dorf und fanden alles so, wie Jesus es ihnen gesagt hatte. Als sie den jungen Esel losmachten, sagten einige Leute, die dabeistanden:<br>Lektor*in 2:<br>Was macht ihr da? Warum bindet ihr das Tier los?<br>Lektor*in 1:<br>Die J\u00fcnger aber antworteten nur:<br>Lektor*in 2:<br>Der Herr braucht dieses Tier.<br>Lektor*in 1:<br>Da waren die Leute zufrieden. &#8211; Als die J\u00fcnger das Eselsfohlen zu Jesus brachten, legten sie von ihren Kleidern auf das Tier und halfen Jesus, sich darauf zu setzen. Sie legten sogar ihre Kleider wie einen Teppich auf die staubige Stra\u00dfe, damit Jesus dar\u00fcber reite. Es war \u00fcblich, dass Leute aus Jerusalem den Festpilgern entgegengingen, um sie freundlich zu empfangen. Seine Freunde brachen Zweige von den Palmen, schwenkten diese vor Begeisterung und riefen Jesus zu:<br>(alle) <strong>Hosianna, gelobt sei der da kommt, hosianna, im Namen des Herrn.<\/strong><\/p>\n<p>Lektor*in 1:<br>Sie lobten Gott mit lauter Stimme, weil er Jesus, den Messias, gesandt hatte. Jesus lie\u00df sich den Jubel gefallen, obwohl er wusste, dass sie ihn nicht richtig verstanden. Die Leute dachten an einen siegreichen K\u00f6nig, er aber ritt auf einem geliehenen Esel, armselig und ohne irdische Macht. Er kam auf einem jungen Esel, der f\u00fcr Kampf und Krieg unbrauchbar ist. Jesus kam nicht hoch zu Ross. Er zog als Friedensk\u00f6nig ein. Immer mehr Menschen riefen:<br>(alle) <strong>Hosianna, gelobt sei der da kommt, hosianna, im Namen des Herrn.<\/strong><\/p>\n<p>Lektor*in 1:<br>So verehrten sie Jesus wie einen K\u00f6nig. Das passte aber einigen Leuten nicht. Hohepriester und Schriftgelehrte riefen Jesus zu:<br>Lektor*in 2:<br>Jesus, die verehren dich ja wie einen K\u00f6nig. Das geht nicht. Verbiete es den J\u00fcngern.<br>Lektor*in 1:<br>Doch Jesus gab ihnen zur Antwort:<br>Vorsteher*in:<br>Ich sage euch, wenn diese Menschen schweigen, werden es die Steine hinausschreien, dass ich ein K\u00f6nig bin.<br>Lektor*in 1:<br>Das sollte hei\u00dfen: Jetzt ist die Stunde gekommen, da Gott seinen Sohn verherrlicht. Und wieder stimmten alle in den Jubel ein:<br>(alle) <strong>Hosianna, gelobt sei der da kommt, hosianna, im Namen des Herrn<\/strong>.<\/p>\n<h4><strong>Geschichten rund um den Palmsonntag<\/strong><\/h4>\n<p><strong>F\u00fcr wen gehst du?<\/strong><br><span style=\"text-decoration: underline;\">Eine chassidische Erz\u00e4hlung<\/span> (Unter &#8222;Chassidismus&#8220; versteht man eine fromme Bewegung im Judentum)<br>In der Stadt, wo Rabbi Naftalie lebte &#8211; so beginnt eine chassidische Erz\u00e4hlung &#8211; pflegten die Reichen, deren H\u00e4user einsam oder am Stadtrand lagen, M\u00e4nner anzustellen, die nachts \u00fcber ihren Besitz wachen sollten. Als Rabbi Naftali eines Abends sp\u00e4t spazieren ging, begegnete er solch einem W\u00e4chter, der auf und nieder ging. \u201eF\u00fcr wen gehst du?&#8216; fragte er ihn. Der gab bereitwillig Bescheid, f\u00fcgte aber dann die Gegenfrage dran: \u201eUnd du, Rabbi, f\u00fcr wen gehst du?&#8220; Das Wort traf diesen wie ein Pfeil: \u201eNoch gehe ich f\u00fcr niemanden&#8220;, brachte er nur m\u00fchsam hervor. Dann schritten beide langsam schweigend nebeneinanderher. Schlie\u00dflich fragte der Rabbi den W\u00e4chter: \u201eW\u00e4rest du bereit, mein Diener zu werden?&#8220; \u201eDas will ich gerne tun\u201c; antwortete der W\u00e4chter, \u201eaber was habe ich zu tun?&#8220; &#8211; \u201eMich zu erinnern\u201c; sagte der Rabbi, \u201emich daran zu erinnern, dass ich mich regelm\u00e4\u00dfig frage, f\u00fcr wen ich gehe.\u201c<\/p>\n<p><strong>Der Esel im Brunnen<\/strong><\/p>\n<p><a href=\"https:\/\/www.pfarregersthof.at\/komm\/wp-content\/uploads\/2020\/04\/esel-mit-sattel-1.jpg\"><img loading=\"lazy\" decoding=\"async\" class=\"alignright size-medium wp-image-6605\" src=\"https:\/\/www.pfarregersthof.at\/komm\/wp-content\/uploads\/2020\/04\/esel-mit-sattel-1-300x225.jpg\" alt=\"\" width=\"300\" height=\"225\" srcset=\"https:\/\/www.pfarregersthof.at\/komm\/wp-content\/uploads\/2020\/04\/esel-mit-sattel-1-300x225.jpg 300w, https:\/\/www.pfarregersthof.at\/komm\/wp-content\/uploads\/2020\/04\/esel-mit-sattel-1-150x113.jpg 150w, https:\/\/www.pfarregersthof.at\/komm\/wp-content\/uploads\/2020\/04\/esel-mit-sattel-1-80x60.jpg 80w, https:\/\/www.pfarregersthof.at\/komm\/wp-content\/uploads\/2020\/04\/esel-mit-sattel-1-265x198.jpg 265w, https:\/\/www.pfarregersthof.at\/komm\/wp-content\/uploads\/2020\/04\/esel-mit-sattel-1.jpg 348w\" sizes=\"auto, (max-width: 300px) 100vw, 300px\" \/><\/a>Eines Tages fiel der Esel eines Bauern in einen Brunnen. Das Tier schrie stundenlang f\u00fcrchterlich. Der Bauer \u00fcberlegte sich, was er denn tun k\u00f6nnte. Da der Esel schon alt und schwach war, entschied er, dass es sich nicht lohnen w\u00fcrde, das Tier zu retten. Der Brunnen sollte au\u00dferdem sowieso zugesch\u00fcttet werden. So lud er alle seine Nachbarn ein, um ihm dabei zu helfen, den Brunnen mit dem Esel zuzusch\u00fctten. Sie kamen mit ihren Schaufeln und begannen, Erde in den Brunnen zu werfen. Als der Esel bemerkte, was vor sich ging, begann er panisch zu schreien. Zur \u00dcberraschung aller verstummte er jedoch bald. Ein paar Schaufelladungen sp\u00e4ter schaute der Bauer in den Brunnen und wurde \u00fcberrascht: Jede Ladung Erde, die auf dem Esel landete, sch\u00fcttelte dieser von seinem R\u00fccken und stellte sich darauf. So kam er immer weiter nach oben. Es dauerte nicht lange, bis der Esel &#8211; zum Erstaunen aller &#8211; \u00fcber den Rand des Brunnens stieg und davonlief.<\/p>\n<h4><strong>Bastle einen Palmesel<\/strong><\/h4>\n<p><a href=\"https:\/\/www.pfarregersthof.at\/komm\/wp-content\/uploads\/2020\/04\/esel-figur-1.jpg\"><img loading=\"lazy\" decoding=\"async\" class=\"alignright size-medium wp-image-6612\" src=\"https:\/\/www.pfarregersthof.at\/komm\/wp-content\/uploads\/2020\/04\/esel-figur-1-300x255.jpg\" alt=\"\" width=\"300\" height=\"255\" srcset=\"https:\/\/www.pfarregersthof.at\/komm\/wp-content\/uploads\/2020\/04\/esel-figur-1-300x255.jpg 300w, https:\/\/www.pfarregersthof.at\/komm\/wp-content\/uploads\/2020\/04\/esel-figur-1-150x127.jpg 150w, https:\/\/www.pfarregersthof.at\/komm\/wp-content\/uploads\/2020\/04\/esel-figur-1.jpg 346w\" sizes=\"auto, (max-width: 300px) 100vw, 300px\" \/><\/a>Du brauchst:<br>Toilettenpapierrolle, ein Blatt festes Papier, ein kurzes St\u00fcck Wolle,vier kurze, gleichlange Holzst\u00e4bchen (Zungenspatel), Schere(n)<\/p>\n<p>Male eine leere Toilettenpapierrolle, falls notwendig, grau an und schneide sie an der oberen Seite ca. 2 cm ein. Pause den Kopf und Hals auf ein festes Papier ab und male auch ihn grau an. Stecke nun den Hals des Esels in den Schlitz der Toilettenpapierrolle. Vielleicht musst du ihn auch festkleben, damit er gut h\u00e4lt. Schneide jetzt in den hinteren Teil der Rolle noch einen kleinen Schlitz und steck den Wollfaden hinein. F\u00fcr die Beine brauchst du noch vier kurze Schlitze in die Unterseite der Rolle zu schneiden. Lass dir dabei von einem Erwachsenen helfen.<\/p>\n<h3>Lieder, die zum Palmsonntag passen .. und andere kreative Ideen \u2026&nbsp;<\/h3>\n\n\n\n<figure class=\"wp-block-embed-youtube wp-block-embed is-type-video is-provider-youtube wp-embed-aspect-16-9 wp-has-aspect-ratio\"><div class=\"wp-block-embed__wrapper\">\n<div class=\"youtube-embed\" data-video_id=\"y9jrRl9Viio\"><iframe loading=\"lazy\" title=\"Jesus zieht in Jerusalem\" width=\"696\" height=\"392\" src=\"https:\/\/www.youtube.com\/embed\/y9jrRl9Viio?feature=oembed&#038;enablejsapi=1&#038;enablejsapi=1\" frameborder=\"0\" allow=\"accelerometer; autoplay; encrypted-media; gyroscope; picture-in-picture\" allowfullscreen><\/iframe><\/div>\n<\/div><\/figure>\n\n\n\n<figure class=\"wp-block-embed-youtube wp-block-embed is-type-video is-provider-youtube wp-embed-aspect-4-3 wp-has-aspect-ratio\"><div class=\"wp-block-embed__wrapper\">\n<div class=\"youtube-embed\" data-video_id=\"wizMszr4ZWU\"><iframe loading=\"lazy\" title=\"Hosianna\" width=\"696\" height=\"522\" src=\"https:\/\/www.youtube.com\/embed\/wizMszr4ZWU?feature=oembed&#038;enablejsapi=1&#038;enablejsapi=1\" frameborder=\"0\" allow=\"accelerometer; autoplay; encrypted-media; gyroscope; picture-in-picture\" allowfullscreen><\/iframe><\/div>\n<\/div><\/figure>\n\n\n\n<p>&#8230; und:<\/p>\n<ul>\n<li><a href=\"http:\/\/www.aktionsseite-kita.de\/max-pinsel\/lieder\/\">Sehr nette Ideen f\u00fcr j\u00fcngere Kinder<\/a><\/li>\n<li><a href=\"https:\/\/www.donbosco-medien.de\/zusammendaheim\">Sammlung von Bastelideen und Videos dazu<\/a><\/li>\n<li><a href=\"https:\/\/blog.moemax.de\/einhorn-ostereier-selber-machen\/\">Einhorn zum Selbermachen<\/a><\/li>\n<\/ul>\n<h3>Hier Links f\u00fcr das Feiern des Osterfestes<\/h3>\n<p>Von:<\/p>\n<ul>\n<li><a href=\"https:\/\/www.donbosco-medien.de\/_files_media\/newsletter\/newsletter_106.html?utm_source=Newsletter&amp;utm_medium=auf%2Bbrowser&amp;utm_term=6506&amp;utm_campaign=religion%5Fnl%5F106\">Don Bosco Deutschland<\/a><\/li>\n<li><a href=\"https:\/\/rpa-verlag.us12.list-manage.com\/track\/click?u=233805ce358d6a9543a07f61d&amp;id=9bfe7548be&amp;e=f5b8ed26bf\">&#8222;Mit Jesus zum Osterfest gehen&#8220;<\/a> (PDF)<\/li>\n<li><a href=\"https:\/\/www.kath-kirche-kaernten.at\/pfarren\/detail\/C3098\/die-karwoche-mit-kinder-feiern-und-gestalten\">Di\u00f6zese Gurk-Klagenfurt<\/a><\/li>\n<\/ul>\n","protected":false},"excerpt":{"rendered":"<p>Kirche auf dem Weg nach Ostern Einen Tisch passend zur Karwoche gestalten \u2013 an einer geeigneten Stelle in der Wohnung f\u00fcr die Tage auf Ostern hin einen \u201eOstertisch\u201cvorbereitet. Auf ein wei\u00dfes Tuch \u2013 Kreuz, Kinderbibel, Vase f\u00fcr Palm und Osterzweige, Kerze (Osterkerze) T\u00e4gliches Ritual Das t\u00e4gliche Zusammenkommen als Versammlung um den Tisch mit den Zeichen [&hellip;]<\/p>\n","protected":false},"author":2,"featured_media":0,"comment_status":"open","ping_status":"open","sticky":false,"template":"","format":"standard","meta":{"ngg_post_thumbnail":0,"footnotes":""},"categories":[7],"tags":[],"class_list":{"0":"post-6604","1":"post","2":"type-post","3":"status-publish","4":"format-standard","6":"category-archiv"},"publishpress_future_action":{"enabled":false,"date":"2026-05-09 05:00:10","action":"category","newStatus":"draft","terms":[],"taxonomy":"category","extraData":[]},"publishpress_future_workflow_manual_trigger":{"enabledWorkflows":[]},"_links":{"self":[{"href":"https:\/\/www.pfarregersthof.at\/komm\/wp-json\/wp\/v2\/posts\/6604","targetHints":{"allow":["GET"]}}],"collection":[{"href":"https:\/\/www.pfarregersthof.at\/komm\/wp-json\/wp\/v2\/posts"}],"about":[{"href":"https:\/\/www.pfarregersthof.at\/komm\/wp-json\/wp\/v2\/types\/post"}],"author":[{"embeddable":true,"href":"https:\/\/www.pfarregersthof.at\/komm\/wp-json\/wp\/v2\/users\/2"}],"replies":[{"embeddable":true,"href":"https:\/\/www.pfarregersthof.at\/komm\/wp-json\/wp\/v2\/comments?post=6604"}],"version-history":[{"count":7,"href":"https:\/\/www.pfarregersthof.at\/komm\/wp-json\/wp\/v2\/posts\/6604\/revisions"}],"predecessor-version":[{"id":6617,"href":"https:\/\/www.pfarregersthof.at\/komm\/wp-json\/wp\/v2\/posts\/6604\/revisions\/6617"}],"wp:attachment":[{"href":"https:\/\/www.pfarregersthof.at\/komm\/wp-json\/wp\/v2\/media?parent=6604"}],"wp:term":[{"taxonomy":"category","embeddable":true,"href":"https:\/\/www.pfarregersthof.at\/komm\/wp-json\/wp\/v2\/categories?post=6604"},{"taxonomy":"post_tag","embeddable":true,"href":"https:\/\/www.pfarregersthof.at\/komm\/wp-json\/wp\/v2\/tags?post=6604"}],"curies":[{"name":"wp","href":"https:\/\/api.w.org\/{rel}","templated":true}]}}